{"id":1623,"date":"2019-01-10T12:54:31","date_gmt":"2019-01-10T11:54:31","guid":{"rendered":"http:\/\/www.armadilloclub.org\/site\/?p=1623"},"modified":"2025-01-09T09:45:13","modified_gmt":"2025-01-09T08:45:13","slug":"conclusa-con-successo-ledizione-2018-dellacoustic-guitar-village-a-cremona-musica-si-inizia-la-preparazione-per-ledizione-2019","status":"publish","type":"post","link":"https:\/\/www.armadilloclub.org\/site\/2019\/01\/10\/conclusa-con-successo-ledizione-2018-dellacoustic-guitar-village-a-cremona-musica-si-inizia-la-preparazione-per-ledizione-2019\/","title":{"rendered":"Conclusa con successo l\u2019edizione 2018 dell\u2019Acoustic Guitar Village a Cremona Musica, si inizia la preparazione per l\u2019edizione 2019!"},"content":{"rendered":"<p>Terminata l\u2019edizione 2018 dell\u2019Acoustic Guitar Village all\u2019interno di Cremona Musica International Exhibitions and Festival con un incremento importante nel numero dei visitatatori, nelle presenze di espositori internazionali e nel successo dei numerosi eventi proposti a corollario dell\u2019area espositiva, si inizia il percorso di organizzazione e costruzione della prossima edizione che si terr\u00e0 il\u00a0<strong>27-28-29 settembre 2019\u00a0<\/strong>all\u2019interno della Fiera di Cremona.<br \/>\n<strong>18.158 visitatatori sono passati nei corridoi dell\u2019Acoustic Guitar Village, con un incremento di pi\u00f9 del 7% rispetto al 2017<\/strong>, e la posizione strategica all\u2019ingresso del padiglione 1 ha permesso a tutti di ammirare gli splendidi strumenti esposti sia negli stand classici gestiti dalle aziende costruttrici, sia nel Vicolo dei Liutai. Allo stesso modo affollati sono stati i 3 palchi live, non stop per tutte le giornate, le masterclass di liuteria e didattica chitarristica e l\u2019area degli eventi e conferenze, con una grande ricchezza di contenuti culturali e incontri di approfondimento interessanti.<\/p>\n<p><a class=\"lightbox fancybox image\" href=\"http:\/\/www.acousticguitarmeeting.net\/wp-content\/uploads\/2018\/12\/Gold-Music-allAGV.jpg\"><img loading=\"lazy\" decoding=\"async\" class=\"wp-image-10281 size-medium aligncenter\" src=\"http:\/\/www.acousticguitarmeeting.net\/wp-content\/uploads\/2018\/12\/Gold-Music-allAGV-300x130.jpg\" sizes=\"auto, (max-width: 300px) 100vw, 300px\" srcset=\"http:\/\/www.acousticguitarvillage.net\/wp-content\/uploads\/2018\/12\/Gold-Music-allAGV-300x130.jpg 300w, http:\/\/www.acousticguitarvillage.net\/wp-content\/uploads\/2018\/12\/Gold-Music-allAGV.jpg 750w\" alt=\"\" width=\"300\" height=\"130\" \/><\/a><\/p>\n<p>Siamo gi\u00e0 al lavoro per studiare e realizzare una disposizione delle aree espositive e degli eventi ancora pi\u00f9 efficiente, per garantire la miglior fruizione possibile e permettere che tutte le attivit\u00e0 si svolgano in modo adeguato, garantendo a tutti la soddisfazione di presentare strumenti e eventi in modo da ottenere risultati importanti.<\/p>\n<p><strong>A questo proposito ricordiamo agli espositori presenti con stand classici preallestiti che \u00e8 a disposizione la formula rebooking per prenotare lo stesso spazio con uno sconto sul costo al metro dello stand.\u00a0<\/strong><\/p>\n<p><a class=\"lightbox fancybox image\" href=\"http:\/\/www.acousticguitarmeeting.net\/wp-content\/uploads\/2018\/10\/Stand-Martin-Guitars_Massimo-Varini_1-2.jpg\"><img loading=\"lazy\" decoding=\"async\" class=\"wp-image-10252 size-medium aligncenter\" src=\"http:\/\/www.acousticguitarmeeting.net\/wp-content\/uploads\/2018\/10\/Stand-Martin-Guitars_Massimo-Varini_1-2-300x200.jpg\" sizes=\"auto, (max-width: 300px) 100vw, 300px\" srcset=\"http:\/\/www.acousticguitarvillage.net\/wp-content\/uploads\/2018\/10\/Stand-Martin-Guitars_Massimo-Varini_1-2-300x200.jpg 300w, http:\/\/www.acousticguitarvillage.net\/wp-content\/uploads\/2018\/10\/Stand-Martin-Guitars_Massimo-Varini_1-2.jpg 960w\" alt=\"\" width=\"300\" height=\"200\" \/><\/a><\/p>\n<p>Molto intensa sar\u00e0 l\u2019attivit\u00e0 per tutto l\u2019inverno e primavera 2018-2019, per garantire un\u2019ulteriore crescita della manifestazione, ormai entrata nel novero delle pi\u00f9 importanti manifestazioni internazionali del settore, e per arricchire l\u2019area espositiva con presenze di espositori sempre pi\u00f9 importanti. Ugualmente intenso sar\u00e0 il lavoro di comunicazione e promozione verso musicisti, collezionisti, compratori e negozianti, per fornire agli espostori una clientela qualificata e produrre tangibili risultati commerciali.<\/p>\n<p><strong>Saremo quindi presenti a tutte le manifestazioni internazionali del settore, partendo dal NAMM Show 2019 e passando per la Musikmesse di Francoforte, i Guitar Show di Parigi, Roma, Vancouver, Londra, ecc. ecc., a disposizione di quanti vorranno incontrarci e contattarci per informazioni sulla preparazione dell\u2019AGV 2019.<\/strong><\/p>\n<p><a class=\"lightbox fancybox image\" href=\"http:\/\/www.acousticguitarmeeting.net\/wp-content\/uploads\/2018\/10\/6%C2%B0-Italian-Bluegrass-Meeting_Danilo-Cartia-band_Jorgenson.jpg\"><img loading=\"lazy\" decoding=\"async\" class=\"wp-image-10261 size-medium aligncenter\" src=\"http:\/\/www.acousticguitarmeeting.net\/wp-content\/uploads\/2018\/10\/6%C2%B0-Italian-Bluegrass-Meeting_Danilo-Cartia-band_Jorgenson-300x234.jpg\" sizes=\"auto, (max-width: 300px) 100vw, 300px\" srcset=\"http:\/\/www.acousticguitarvillage.net\/wp-content\/uploads\/2018\/10\/6\u00b0-Italian-Bluegrass-Meeting_Danilo-Cartia-band_Jorgenson-300x234.jpg 300w, http:\/\/www.acousticguitarvillage.net\/wp-content\/uploads\/2018\/10\/6\u00b0-Italian-Bluegrass-Meeting_Danilo-Cartia-band_Jorgenson.jpg 960w\" alt=\"\" width=\"300\" height=\"234\" \/><\/a><\/p>\n<p>Questa, crediamo, \u00e8 la strada da seguire e perfezionare per rendere sempre di pi\u00f9 l\u2019AGV a Cremona un appuntamento imperdibile di business, apprendimento culturale e divertimento per gli amanti della chitarra e degli strumenti a corde acustici.<\/p>\n<p>Appuntamento al 27-28-29 settembre 2019!<\/p>\n","protected":false},"excerpt":{"rendered":"<p>Terminata l\u2019edizione 2018 dell\u2019Acoustic Guitar Village all\u2019interno di Cremona Musica International Exhibitions and Festival con un incremento importante nel numero dei visitatatori, nelle presenze di espositori internazionali e nel successo dei numerosi eventi proposti a corollario dell\u2019area espositiva, si inizia &hellip; <\/p>\n<p><a class=\"more-link\" href=\"https:\/\/www.armadilloclub.org\/site\/2019\/01\/10\/conclusa-con-successo-ledizione-2018-dellacoustic-guitar-village-a-cremona-musica-si-inizia-la-preparazione-per-ledizione-2019\/\">Continue reading<\/a><\/p>\n","protected":false},"author":2,"featured_media":831,"comment_status":"closed","ping_status":"closed","sticky":false,"template":"","format":"standard","meta":{"footnotes":""},"categories":[1],"tags":[],"class_list":["post-1623","post","type-post","status-publish","format-standard","has-post-thumbnail","hentry","category-news"],"_links":{"self":[{"href":"https:\/\/www.armadilloclub.org\/site\/wp-json\/wp\/v2\/posts\/1623","targetHints":{"allow":["GET"]}}],"collection":[{"href":"https:\/\/www.armadilloclub.org\/site\/wp-json\/wp\/v2\/posts"}],"about":[{"href":"https:\/\/www.armadilloclub.org\/site\/wp-json\/wp\/v2\/types\/post"}],"author":[{"embeddable":true,"href":"https:\/\/www.armadilloclub.org\/site\/wp-json\/wp\/v2\/users\/2"}],"replies":[{"embeddable":true,"href":"https:\/\/www.armadilloclub.org\/site\/wp-json\/wp\/v2\/comments?post=1623"}],"version-history":[{"count":1,"href":"https:\/\/www.armadilloclub.org\/site\/wp-json\/wp\/v2\/posts\/1623\/revisions"}],"predecessor-version":[{"id":1624,"href":"https:\/\/www.armadilloclub.org\/site\/wp-json\/wp\/v2\/posts\/1623\/revisions\/1624"}],"wp:featuredmedia":[{"embeddable":true,"href":"https:\/\/www.armadilloclub.org\/site\/wp-json\/wp\/v2\/media\/831"}],"wp:attachment":[{"href":"https:\/\/www.armadilloclub.org\/site\/wp-json\/wp\/v2\/media?parent=1623"}],"wp:term":[{"taxonomy":"category","embeddable":true,"href":"https:\/\/www.armadilloclub.org\/site\/wp-json\/wp\/v2\/categories?post=1623"},{"taxonomy":"post_tag","embeddable":true,"href":"https:\/\/www.armadilloclub.org\/site\/wp-json\/wp\/v2\/tags?post=1623"}],"curies":[{"name":"wp","href":"https:\/\/api.w.org\/{rel}","templated":true}]}}