{"id":1640,"date":"2019-06-13T17:09:19","date_gmt":"2019-06-13T15:09:19","guid":{"rendered":"http:\/\/www.armadilloclub.org\/site\/?p=1640"},"modified":"2025-01-09T09:44:52","modified_gmt":"2025-01-09T08:44:52","slug":"paco-pena-jeff-pevar-davide-van-de-sfroos-tanti-eventi-e-grandi-ospiti-allacoustic-guitar-village-cremona-musica-2019","status":"publish","type":"post","link":"https:\/\/www.armadilloclub.org\/site\/2019\/06\/13\/paco-pena-jeff-pevar-davide-van-de-sfroos-tanti-eventi-e-grandi-ospiti-allacoustic-guitar-village-cremona-musica-2019\/","title":{"rendered":"Paco Pena, Jeff Pevar, Davide Van De Sfroos\u2026.tanti eventi e grandi ospiti all\u2019Acoustic Guitar Village, Cremona Musica 2019!"},"content":{"rendered":"<div>Mancano pochi mesi alla partenza dell\u2019<strong>Acoustic Guitar Village<\/strong>, la manifestazione all\u2019interno di\u00a0<strong>Cremona Musica International Exhibitions and Festival<\/strong>, in programma alla\u00a0<strong>Fiera di Cremona dal 27 al 29 settembre p.v<\/strong>.<\/div>\n<div>L\u2019area espositiva si arricchisce in continuazione di presenze, tra grandi aziende internazionali e liutai costruttori di chitarre acustiche, classiche e moderne, e di altri strumenti a corda.<br \/>\nAncora pochi stand a disposizione per esporre!<br \/>\nIl programma degli eventi culturali e performance live \u00e8 ormai quasi del tutto definito e ricco di presenze illustri.<\/div>\n<div><strong><br \/>\nSul Demo Stage 1 esterno al padiglione\u00a0<\/strong>gli<strong>\u00a0<\/strong>espositori presenteranno\u00a0i loro artisti, pronti a vere e proprie performance per dimostrare strumenti e novit\u00e0 nel settore produttivo e discografico. Di grande rilievo il concerto dello straordinario chitarrista francesce <strong>Pierre Bensusan<\/strong>! (ven27-sab28-dom29, dalle 10 alle 19)<br \/>\n<a href=\"https:\/\/www.armadilloclub.org\/site\/wp-content\/uploads\/2019\/06\/Pierre-Bensusan_news.jpg\"><img loading=\"lazy\" decoding=\"async\" class=\"alignnone size-thumbnail wp-image-1660\" src=\"https:\/\/www.armadilloclub.org\/site\/wp-content\/uploads\/2019\/06\/Pierre-Bensusan_news-150x150.jpg\" alt=\"\" width=\"150\" height=\"150\" \/><\/a><\/div>\n<div><\/div>\n<div><\/div>\n<div><\/div>\n<p><strong>Il Live Stage 2 nel giardino esterno al paglione<\/strong>\u00a0presenter\u00e0 una lunga serie di eventi live, proponendo differenti generi musicali e con la presenza di numerosi ospiti internazionali.<\/p>\n<p><strong><a href=\"https:\/\/www.armadilloclub.org\/site\/wp-content\/uploads\/2019\/06\/New-Sounds_Taylor.jpg\"><img loading=\"lazy\" decoding=\"async\" class=\"size-thumbnail wp-image-1641 alignleft\" src=\"https:\/\/www.armadilloclub.org\/site\/wp-content\/uploads\/2019\/06\/New-Sounds_Taylor-150x150.jpg\" alt=\"\" width=\"150\" height=\"150\" \/><\/a>Si inizia il venerd\u00ec<\/strong>\u00a0con il concorso per emergenti\u00a0<strong>\u201cNEW SOUNDS OF ACOUSTIC MUSIC\u201d<br \/>\n<\/strong>riservato a chitaristi solisti, cantautori-chitarristi e piccole band acustiche. Le selezioni sono a cura dell\u2019Armadillo Club, di Fingerpicking.net e di Andrea Tarquini per \u201cCorde &amp; Voci d\u2019Autore\u201d.<br \/>\nI premi sono messi a disposizione dalle aziende<strong>\u00a0Taylor Guitars,\u00a0 Acus-Sound Engineering, Transeuropa Recording Studio di Torino,\u00a0<\/strong>partners dell\u2019evento. Altri omaggi da aziende di accessori.\u00a0 (venerd\u00ec 27, dalle 11 alle 19)<\/p>\n<div><\/div>\n<div><\/div>\n<div><\/div>\n<div><\/div>\n<div><strong>Nella seconda giornata del sabato<\/strong>\u00a0continua la tradizione con il\u00a0<strong>7\u00b0 ITALIAN BLUEGRASS MEETING<\/strong><\/div>\n<div>\n<p><a class=\"lightbox fancybox image\" href=\"http:\/\/www.acousticguitarmeeting.net\/wp-content\/uploads\/2018\/10\/6%C2%B0-Italian-Bluegrass-Meeting_Danilo-Cartia-band_Jorgenson.jpg\"><img loading=\"lazy\" decoding=\"async\" class=\"size-thumbnail wp-image-10261 alignleft\" src=\"http:\/\/www.acousticguitarmeeting.net\/wp-content\/uploads\/2018\/10\/6%C2%B0-Italian-Bluegrass-Meeting_Danilo-Cartia-band_Jorgenson-150x150.jpg\" alt=\"\" width=\"150\" height=\"150\" \/><\/a>concerti, showcase, incontri, workshops di musicisti appassionati del genere Bluegrass Music. Molte sono le band e i musicisti in arrivo dalle regioni italiane e da vari paesi europei. Graditi ospiti il chitarrista americano\u00a0<strong>Paul Stowe<\/strong>\u00a0e il mandolinista inglese\u00a0<strong>Trevor Morriss.<\/strong><\/p>\n<p>Coordinamento a cura di\u00a0<strong>Danilo Cartia\u00a0<\/strong>\u2013 partner:\u00a0<strong>Martin Guitars, Deering Banjo Company\u00a0\u00a0<\/strong>(sabato 28, dalle 10 alle 19)<\/p>\n<\/div>\n<p>&nbsp;<\/p>\n<p>&nbsp;<\/p>\n<div>\n<p><strong>La terza giornata di domenica<\/strong>\u00a0prevede un programma intenso e non stop che parte la mattina\u00a0<a class=\"lightbox fancybox image\" href=\"http:\/\/www.acousticguitarmeeting.net\/wp-content\/uploads\/2019\/06\/Bob-Brozman-Memorial.jpg\"><img loading=\"lazy\" decoding=\"async\" class=\"alignleft size-thumbnail wp-image-10780\" src=\"http:\/\/www.acousticguitarmeeting.net\/wp-content\/uploads\/2019\/06\/Bob-Brozman-Memorial-150x150.jpg\" alt=\"\" width=\"150\" height=\"150\" \/><\/a>con il\u00a0<strong>\u201cBOB BROZMAN MEMORIAL SLIDE CONTEST\u201d<\/strong>,\u00a0rassegna di chitarristi slide in solo e in ensemble per ricordare il compianto virtuoso della chitarra slide Bob Brozman. Sar\u00e0 ospite la moglie Haley Sage Brozman, che porter\u00e0 uno strumento appartenuto a Bob, e si esibiranno\u00a0<strong>Paul Stowe (Usa), Stefano Bersan, Marco Manusso, The Hawaiian WaikikiLeaks Duo.<\/strong><br \/>\nCoordinamento a cura di\u00a0<strong>Marco Manusso<\/strong>\u00a0 \u00a0(domenica 29 dalle 10 alle 13)<\/p>\n<\/div>\n<div>\n<p><a class=\"lightbox fancybox image\" href=\"http:\/\/www.acousticguitarmeeting.net\/wp-content\/uploads\/2019\/04\/francesca-arena-buono__MG_8852.jpeg\"><img loading=\"lazy\" decoding=\"async\" class=\"alignleft size-thumbnail wp-image-10634\" src=\"http:\/\/www.acousticguitarmeeting.net\/wp-content\/uploads\/2019\/04\/francesca-arena-buono__MG_8852-150x150.jpeg\" alt=\"\" width=\"150\" height=\"150\" \/><\/a><\/p>\n<\/div>\n<div><a class=\"lightbox fancybox image\" href=\"http:\/\/www.acousticguitarmeeting.net\/wp-content\/uploads\/2019\/05\/Waikikileaks-Duo.jpg\"><img loading=\"lazy\" decoding=\"async\" class=\"alignleft size-thumbnail wp-image-10751\" src=\"http:\/\/www.acousticguitarmeeting.net\/wp-content\/uploads\/2019\/05\/Waikikileaks-Duo-150x150.jpg\" alt=\"\" width=\"150\" height=\"150\" \/><\/a><\/div>\n<p>&nbsp;<\/p>\n<p>&nbsp;<\/p>\n<p>&nbsp;<\/p>\n<p>&nbsp;<\/p>\n<p>&nbsp;<\/p>\n<p>La giornata prosegue con\u00a0<strong>\u201cCORDE &amp; VOCI D\u2019AUTORE\u201d\u00a0<\/strong>in memoria di Stefano Rosso,<br \/>\n<a class=\"lightbox fancybox image\" href=\"http:\/\/www.acousticguitarmeeting.net\/wp-content\/uploads\/2018\/04\/Live-stage_Corde-Voci_news.jpg\"><img loading=\"lazy\" decoding=\"async\" class=\"alignleft size-thumbnail wp-image-9781\" src=\"http:\/\/www.acousticguitarmeeting.net\/wp-content\/uploads\/2018\/04\/Live-stage_Corde-Voci_news-150x150.jpg\" alt=\"\" width=\"150\" height=\"150\" \/><\/a><a class=\"lightbox fancybox image\" href=\"http:\/\/www.acousticguitarmeeting.net\/wp-content\/uploads\/2019\/05\/Davide-Van-De-Sfroos_p.jpg\"><img loading=\"lazy\" decoding=\"async\" class=\"alignleft size-thumbnail wp-image-10734\" src=\"http:\/\/www.acousticguitarmeeting.net\/wp-content\/uploads\/2019\/05\/Davide-Van-De-Sfroos_p-150x150.jpg\" alt=\"\" width=\"150\" height=\"150\" \/><\/a>rassegna di cantautori-chitarristi in solo e in ensemble. Formidabile il cast degli artisti che si esibiranno:<strong>\u00a0Lino Straulino Trio, Giuditta Scorcelletti Duo, Davide Van De Sfroos &amp; Fabio Lossani, , Andrea Tarquini<\/strong><br \/>\nCoordinamento a cura di\u00a0<strong>Andrea Tarquini\u00a0<\/strong>\u2013 partner\u00a0<strong>Taylor Guitars\u00a0<\/strong>(domenica 29, dalle 13 alle 16)<\/p>\n<p>&nbsp;<\/p>\n<p>&nbsp;<\/p>\n<div><\/div>\n<div>Conclude la lunga giornata di concerti la\u00a0<strong>\u201cWOODSTOCK 50th CELEBRATION\u201d,\u00a0<\/strong>una serie di performance in ricordo del 50\u00b0 anniversario del famoso festival del 1969.<br \/>\n<a class=\"lightbox fancybox image\" href=\"http:\/\/www.acousticguitarmeeting.net\/wp-content\/uploads\/2019\/03\/Chris-Martin-Woodstock-guitar_p.jpg\"><img loading=\"lazy\" decoding=\"async\" class=\"alignleft size-thumbnail wp-image-10520\" src=\"http:\/\/www.acousticguitarmeeting.net\/wp-content\/uploads\/2019\/03\/Chris-Martin-Woodstock-guitar_p-150x150.jpg\" alt=\"\" width=\"150\" height=\"150\" \/><\/a><a class=\"lightbox fancybox image\" href=\"http:\/\/www.acousticguitarmeeting.net\/wp-content\/uploads\/2019\/05\/jeff_pevar_duo-300x233.jpg\"><img loading=\"lazy\" decoding=\"async\" class=\"alignleft size-thumbnail wp-image-10732\" src=\"http:\/\/www.acousticguitarmeeting.net\/wp-content\/uploads\/2019\/05\/jeff_pevar_duo-300x233-150x150.jpg\" alt=\"\" width=\"150\" height=\"150\" \/><\/a>Si esibiranno<strong>Jackie Perkins (Usa), Jeff Pevar &amp; Inger Nova Jorgensen (Usa), Francesco Lucarelli &amp; Stefano Frollano.\u00a0<\/strong>Grande l\u2019attesa per Jeff Pevar, straordinario chitarrista acustico-elettrico da molti anni a fianco di David Crosby!<br \/>\nCoordinamento a cura di\u00a0<strong>Francesco Lucarelli<\/strong>, partner<strong>\u00a0Martin Guitars<\/strong>(domenica 29, dalle 16 alle 18)<\/div>\n<div><\/div>\n<div><\/div>\n<div><\/div>\n<div><\/div>\n<div><a href=\"https:\/\/www.armadilloclub.org\/site\/wp-content\/uploads\/2019\/06\/foto_Jackie_1.jpg\"><img loading=\"lazy\" decoding=\"async\" class=\"alignnone size-thumbnail wp-image-1682\" src=\"https:\/\/www.armadilloclub.org\/site\/wp-content\/uploads\/2019\/06\/foto_Jackie_1-150x150.jpg\" alt=\"\" width=\"150\" height=\"150\" \/><\/a>\u00a0<a href=\"https:\/\/www.armadilloclub.org\/site\/wp-content\/uploads\/2019\/06\/Francesco-Lucarelli-e-Stefano-Frollano_p.jpg\"><img loading=\"lazy\" decoding=\"async\" class=\"alignnone size-thumbnail wp-image-1684\" src=\"https:\/\/www.armadilloclub.org\/site\/wp-content\/uploads\/2019\/06\/Francesco-Lucarelli-e-Stefano-Frollano_p-150x150.jpg\" alt=\"\" width=\"150\" height=\"150\" \/><\/a><\/div>\n<div><\/div>\n<div><\/div>\n<div><\/div>\n<div><\/div>\n<div><\/div>\n<div><\/div>\n<p>&nbsp;<\/p>\n<hr \/>\n<div><strong>Anche nel 2019 continua la tradizione delle\/seminari formativi,\u00a0<\/strong><strong>sia di liuteria chitarristica sia di didattica sullo strumento<\/strong>, che negli anni hanno portato in Italia i migliori liutai costruttori internazionali e artisti di grande spessore.<\/div>\n<div>\n<div><a class=\"lightbox fancybox image\" href=\"http:\/\/www.acousticguitarmeeting.net\/wp-content\/uploads\/2019\/04\/Tres-Amigos-Final.jpg\"><img loading=\"lazy\" decoding=\"async\" class=\"alignleft size-medium wp-image-10689\" src=\"http:\/\/www.acousticguitarmeeting.net\/wp-content\/uploads\/2019\/04\/Tres-Amigos-Final-300x200.jpg\" sizes=\"auto, (max-width: 300px) 100vw, 300px\" srcset=\"http:\/\/www.acousticguitarvillage.net\/wp-content\/uploads\/2019\/04\/Tres-Amigos-Final-300x200.jpg 300w, http:\/\/www.acousticguitarvillage.net\/wp-content\/uploads\/2019\/04\/Tres-Amigos-Final-1024x683.jpg 1024w, http:\/\/www.acousticguitarvillage.net\/wp-content\/uploads\/2019\/04\/Tres-Amigos-Final.jpg 1280w\" alt=\"\" width=\"300\" height=\"200\" \/><\/a><strong>La masterclass di liuteria<\/strong>, full immersion di 6 ore al giorno, vedr\u00e0 come protagonisti\u00a0<strong>KEN PARKER<\/strong>\u00a0(Usa),\u00a0<strong>MICHAEL GREENFIELD<\/strong>(Canada) e\u00a0<strong>DANA BOURGEOIS<\/strong>(Usa). I tre conosciutissimi liutai internazionali offriranno un ampio programma di contenuti sulle tecniche e legnami per la costruzione delle chitarre. Liutai e appassionati avranno la possibilit\u00e0 di condividere ed arricchire le proprie conoscenze.<\/div>\n<\/div>\n<div><\/div>\n<div>\n<p>&nbsp;<\/p>\n<p>&nbsp;<\/p>\n<p>&nbsp;<\/p>\n<p><strong><a href=\"https:\/\/www.armadilloclub.org\/site\/wp-content\/uploads\/2019\/06\/Micki_Piperno_1.jpg\"><img loading=\"lazy\" decoding=\"async\" class=\"size-thumbnail wp-image-1692 alignleft\" src=\"https:\/\/www.armadilloclub.org\/site\/wp-content\/uploads\/2019\/06\/Micki_Piperno_1-150x150.jpg\" alt=\"\" width=\"150\" height=\"150\" \/><\/a>\u00a0<a href=\"https:\/\/www.armadilloclub.org\/site\/wp-content\/uploads\/2019\/06\/Pierre-Bensusan_1.jpg\"><img loading=\"lazy\" decoding=\"async\" class=\"size-thumbnail wp-image-1694 alignleft\" src=\"https:\/\/www.armadilloclub.org\/site\/wp-content\/uploads\/2019\/06\/Pierre-Bensusan_1-150x150.jpg\" alt=\"\" width=\"150\" height=\"150\" \/><\/a>Per la\u00a0<\/strong><strong>masterclass di didattica per chitarra acustica<\/strong>, oltre alla conferma del maestro e coordinatore\u00a0<strong>MICKI PIPERNO<\/strong>, ci sar\u00e0 la novit\u00e0 della presenza del grande chitarrista francese\u00a0<strong>PIERRE BENSUSAN<\/strong>, che offre per la prima volta in Italia un ampio seminario sulle sue tecniche esecutive e innovative, incentrate sulla speciale accordatura DAGDAD, di cui \u00e8 indubbiamente il pi\u00f9 grande conoscitore, nonch\u00e8 il caposcuola.<\/p>\n<p><strong>I programmi e i moduli di iscrizione delle due distinte masterclass sono disponibili su<br \/>\n<a href=\"http:\/\/www.acousticguitarvillage.net\/cremona-2019\/corsi-di-formazione\/\">http:\/\/www.acousticguitarvillage.net\/cremona-2019\/corsi-di-formazione\/<\/a><\/strong><\/p>\n<p>&nbsp;<\/p>\n<p><strong>MOSTRE STORICHE:<\/strong><\/p>\n<p><strong>\u201cLa slide guitar, scivolare sulle corde\u201d<\/strong>\u00a0a cura del\u00a0<strong>M\u00b0 Liutaio Leonardo Petrucci<\/strong><\/p>\n<p><a class=\"lightbox fancybox image\" href=\"http:\/\/www.acousticguitarmeeting.net\/wp-content\/uploads\/2019\/04\/chitarra-hawaiiana-francese-Gelas-1927.jpg\"><img loading=\"lazy\" decoding=\"async\" class=\"alignleft size-thumbnail wp-image-10566\" src=\"http:\/\/www.acousticguitarmeeting.net\/wp-content\/uploads\/2019\/04\/chitarra-hawaiiana-francese-Gelas-1927-150x150.jpg\" alt=\"\" width=\"150\" height=\"150\" \/><\/a><\/p>\n<p><strong><a class=\"lightbox fancybox image\" href=\"http:\/\/www.acousticguitarmeeting.net\/wp-content\/uploads\/2019\/05\/Rickenbaker-lap-steel-Mod-NS-anni-40.jpg\"><img loading=\"lazy\" decoding=\"async\" class=\"alignleft size-thumbnail wp-image-10702\" src=\"http:\/\/www.acousticguitarmeeting.net\/wp-content\/uploads\/2019\/05\/Rickenbaker-lap-steel-Mod-NS-anni-40-150x150.jpg\" alt=\"\" width=\"150\" height=\"150\" \/><\/a><\/strong><\/p>\n<p>&nbsp;<\/p>\n<p>&nbsp;<\/p>\n<p>&nbsp;<\/p>\n<p>&nbsp;<\/p>\n<p><strong><br \/>\n\u201cLe Chitarre nei secoli\u201d<\/strong>\u00a0esposizione di strumenti storici a cura del\u00a0<strong>M\u00b0 Francesco Taranto\u00a0<\/strong>e del<strong>\u00a0M\u00b0 Lorenzo Frignani<\/strong><\/p>\n<p><a class=\"lightbox fancybox image\" href=\"http:\/\/www.acousticguitarmeeting.net\/wp-content\/uploads\/2019\/01\/Mostra-Storica_Taranto.jpg\"><img loading=\"lazy\" decoding=\"async\" class=\"alignleft size-thumbnail wp-image-10398\" src=\"http:\/\/www.acousticguitarmeeting.net\/wp-content\/uploads\/2019\/01\/Mostra-Storica_Taranto-150x150.jpg\" alt=\"\" width=\"150\" height=\"150\" \/><\/a>\u00a0\u00a0<strong><a class=\"lightbox fancybox image\" href=\"http:\/\/www.acousticguitarmeeting.net\/wp-content\/uploads\/2019\/01\/Mostra-Storica_Taranto_2.jpg\"><img loading=\"lazy\" decoding=\"async\" class=\"alignleft size-thumbnail wp-image-10401\" src=\"http:\/\/www.acousticguitarmeeting.net\/wp-content\/uploads\/2019\/01\/Mostra-Storica_Taranto_2-150x150.jpg\" alt=\"\" width=\"150\" height=\"150\" \/><\/a><\/strong><\/p>\n<\/div>\n<p>&nbsp;<\/p>\n<p>&nbsp;<\/p>\n<div>\n<p>&nbsp;<\/p>\n<p>&nbsp;<\/p>\n<p><strong>\u201cMusic is our life\u201d\u00a0<\/strong>esposizione di strumenti etnici dal mondo, collezione del\u00a0<strong>M\u00b0 Bruno Brunetti<\/strong><\/p>\n<\/div>\n<p><a class=\"lightbox fancybox image\" href=\"http:\/\/www.acousticguitarmeeting.net\/wp-content\/uploads\/2019\/05\/strumenti.jpg\"><img loading=\"lazy\" decoding=\"async\" class=\"alignleft size-medium wp-image-10701\" src=\"http:\/\/www.acousticguitarmeeting.net\/wp-content\/uploads\/2019\/05\/strumenti-300x225.jpg\" sizes=\"auto, (max-width: 300px) 100vw, 300px\" srcset=\"http:\/\/www.acousticguitarvillage.net\/wp-content\/uploads\/2019\/05\/strumenti-300x225.jpg 300w, http:\/\/www.acousticguitarvillage.net\/wp-content\/uploads\/2019\/05\/strumenti.jpg 960w\" alt=\"\" width=\"300\" height=\"225\" \/><\/a><\/p>\n<div>\n<p>&nbsp;<\/p>\n<p>&nbsp;<\/p>\n<p>&nbsp;<\/p>\n<p>&nbsp;<\/p>\n<p>&nbsp;<\/p>\n<p>&nbsp;<\/p>\n<p><strong><br \/>\nEVENTI SPECIALI:<\/strong><\/p>\n<p>\u2013\u00a0<strong>\u201cL\u2019influenza della liuteria spagnola storica nella chitarra contemporanea: la tradizione flamenca\u201d<\/strong><br \/>\n<strong>\u201d La chitarra flamenca storica a Madrid e la figura di Santos Hernandez, Guitarrero en Madrid\u201d<\/strong>. a cura di\u00a0<strong>Marco Ramelli, Gabriele Lodi, Festival Corde d\u2019Autunno, Acoustic Guitar Village, Cremona Musica<\/strong><br \/>\n<em>In collaborazione con l\u2019Ing.\u00a0<strong>Massimo Raccosta -Raccosta Collection<\/strong>\u2013 sar\u00e0 allestita una esposizione in omaggio alla liuteria storica madrilena che sulla base primaria ispirata al progetto Torres sviluppa un modello innovativo di grande impatto sonoro e di marcata espressivit\u00e0<\/em>.<br \/>\n<strong><a class=\"lightbox fancybox image\" href=\"http:\/\/www.acousticguitarmeeting.net\/wp-content\/uploads\/2019\/05\/Paco-Pena-guitare-flamenco.jpg\"><img loading=\"lazy\" decoding=\"async\" class=\"alignleft size-thumbnail wp-image-10765\" src=\"http:\/\/www.acousticguitarmeeting.net\/wp-content\/uploads\/2019\/05\/Paco-Pena-guitare-flamenco-150x150.jpg\" alt=\"\" width=\"150\" height=\"150\" \/><\/a>Ospite dell\u2019evento il noto maestro della chitarra flamenca Paco Pe\u00f1a<\/strong>\u00a0, che verr\u00e0 premiato con il Cremona Music Award e si esibir\u00e0 in concerto presso l\u2019auditorium \u201cLe Stanze per la Musica\u201d nel Museo Civico \u201dAla Ponzone\u201d<\/p>\n<p>&nbsp;<\/p>\n<p>&nbsp;<\/p>\n<p>&nbsp;<\/p>\n<p>\u2013\u00a0<strong>2\u00b0 Convegno \u201cLa Chitarra in Italia tra Ottocento e Novecento\u201d<\/strong>contestualizzazione storica dello strumento italiano nello sviluppo europeo, progetto e coordinamento del\u00a0<strong>M\u00b0<\/strong>\u00a0<strong>Lorenzo Frignani e del M\u00b0 Francesco Taranto<br \/>\n<\/strong><\/p>\n<p><strong>-\u201cSlide-a-go-go\u201d seminario sulla chitarra slide<\/strong>\u00a0a cura del<strong>\u00a0M\u00b0 Marco Manusso<\/strong><\/p>\n<p><strong>&#8211; \u201cScivolando sulle corde\u201d\u00a0<\/strong>conferenza a cura del<strong>\u00a0M\u00b0 Flavio Pasquetto\u00a0<\/strong>e del<strong>\u00a0Liutaio Leonardo Petrucci<\/strong><\/p>\n<\/div>\n<div>\n<p><strong>-\u201cLa settima corda, realt\u00e0 parallela oltre i suoni\u201d<\/strong>seminario\/conferenza a cura del\u00a0<strong>M\u00b0 Marcos Vinicius (Brasile)<\/strong><\/p>\n<p><em>i dettagli degli eventi speciali sono sul sito di riferimento alla\u00a0<\/em><em>pagina\u00a0<a href=\"http:\/\/www.acousticguitarvillage.net\/cremona-2019\/conferenze-workshops-eventi\/\">http:\/\/www.acousticguitarvillage.net\/cremona-2019\/conferenze-workshops-eventi\/<\/a><strong>\u2013<\/strong><\/em><\/p>\n<p><strong>Ancora una volta quindi l\u2019Acoustic Guitar Village di Cremona Musica si presenta ricco di contenuti, di spettacolo, divertimento, cultura e formazione<\/strong>, con l\u2019arrivo di numerosi musicisti (175 nella passata edizione!), pronti a partecipare alle varie kermesse sui palchi , e del popolo degli appassionati e praticanti della 6 corde acustica, classica e moderna. Non mancheranno altri strumenti a corda e a pizzico, con una grande attenzione agli strumenti per la musica folk.<\/p>\n<p>Tutto il programma, gli artisti e i vari eventi saranno in continua pubblicazione e aggiornamento sulle pagine dei siti\u00a0<a href=\"http:\/\/www.acousticguitarvillage.net\/\">www.acousticguitarvillage.net<\/a>\u00a0e\u00a0<a href=\"http:\/\/www.cremonamusica.com\/acoustic-guitar-village\/\">www.cremonamusica.com\/acoustic-guitar-village\/<\/a><\/p>\n<p>Per accomodazioni durante il soggiorno a Cremona visitare<br \/>\n<a href=\"http:\/\/www.acousticguitarvillage.net\/cremona-2019\/accommodation-hotels\/\">http:\/\/www.acousticguitarvillage.net\/cremona-2019\/accommodation-hotels\/<\/a><\/p>\n<p><strong>Appuntamento per tutti all\u2019Acoustic Guitar Village, Cremona Musica International Exhibitions and Festival, Fiera di Cremona, il 27-28-29 settembre p.v.!<\/strong><\/p>\n<\/div>\n","protected":false},"excerpt":{"rendered":"<p>Mancano pochi mesi alla partenza dell\u2019Acoustic Guitar Village, la manifestazione all\u2019interno di\u00a0Cremona Musica International Exhibitions and Festival, in programma alla\u00a0Fiera di Cremona dal 27 al 29 settembre p.v. L\u2019area espositiva si arricchisce in continuazione di presenze, tra grandi aziende internazionali &hellip; <\/p>\n<p><a class=\"more-link\" href=\"https:\/\/www.armadilloclub.org\/site\/2019\/06\/13\/paco-pena-jeff-pevar-davide-van-de-sfroos-tanti-eventi-e-grandi-ospiti-allacoustic-guitar-village-cremona-musica-2019\/\">Continue reading<\/a><\/p>\n","protected":false},"author":2,"featured_media":1643,"comment_status":"closed","ping_status":"closed","sticky":false,"template":"","format":"standard","meta":{"footnotes":""},"categories":[1],"tags":[],"class_list":["post-1640","post","type-post","status-publish","format-standard","has-post-thumbnail","hentry","category-news"],"_links":{"self":[{"href":"https:\/\/www.armadilloclub.org\/site\/wp-json\/wp\/v2\/posts\/1640","targetHints":{"allow":["GET"]}}],"collection":[{"href":"https:\/\/www.armadilloclub.org\/site\/wp-json\/wp\/v2\/posts"}],"about":[{"href":"https:\/\/www.armadilloclub.org\/site\/wp-json\/wp\/v2\/types\/post"}],"author":[{"embeddable":true,"href":"https:\/\/www.armadilloclub.org\/site\/wp-json\/wp\/v2\/users\/2"}],"replies":[{"embeddable":true,"href":"https:\/\/www.armadilloclub.org\/site\/wp-json\/wp\/v2\/comments?post=1640"}],"version-history":[{"count":42,"href":"https:\/\/www.armadilloclub.org\/site\/wp-json\/wp\/v2\/posts\/1640\/revisions"}],"predecessor-version":[{"id":1696,"href":"https:\/\/www.armadilloclub.org\/site\/wp-json\/wp\/v2\/posts\/1640\/revisions\/1696"}],"wp:featuredmedia":[{"embeddable":true,"href":"https:\/\/www.armadilloclub.org\/site\/wp-json\/wp\/v2\/media\/1643"}],"wp:attachment":[{"href":"https:\/\/www.armadilloclub.org\/site\/wp-json\/wp\/v2\/media?parent=1640"}],"wp:term":[{"taxonomy":"category","embeddable":true,"href":"https:\/\/www.armadilloclub.org\/site\/wp-json\/wp\/v2\/categories?post=1640"},{"taxonomy":"post_tag","embeddable":true,"href":"https:\/\/www.armadilloclub.org\/site\/wp-json\/wp\/v2\/tags?post=1640"}],"curies":[{"name":"wp","href":"https:\/\/api.w.org\/{rel}","templated":true}]}}