{"id":1709,"date":"2019-11-13T18:52:47","date_gmt":"2019-11-13T17:52:47","guid":{"rendered":"http:\/\/www.armadilloclub.org\/site\/?p=1709"},"modified":"2025-01-09T09:38:58","modified_gmt":"2025-01-09T08:38:58","slug":"1709","status":"publish","type":"post","link":"https:\/\/www.armadilloclub.org\/site\/2019\/11\/13\/1709\/","title":{"rendered":"Venerd\u00ec 6 dicembre, un&#8217;intera giornata dedicata alla musica Latino-Americana all&#8217;Auditorium Armadillo Club di Sarzana!"},"content":{"rendered":"<div class=\"lyrow ui-draggable\">\n<div class=\"view\"><\/div>\n<\/div>\n<div class=\"lyrow ui-draggable\">\n<div class=\"view\">\n<div class=\"row clearfix\">\n<table id=\"d96b3518-5b7f-252d-135d-44be470589f6\" class=\"main\" border=\"0\" width=\"640\" cellspacing=\"0\" cellpadding=\"0\" align=\"center\" data-type=\"text-block\">\n<tbody>\n<tr>\n<td class=\"block-text\" align=\"left\" data-clonable=\"true\">\n<div><a href=\"https:\/\/www.armadilloclub.org\/site\/wp-content\/uploads\/2019\/11\/Logo-Noche-de-Charanguistas-Negro-Fondo-transparente.png\"><img loading=\"lazy\" decoding=\"async\" class=\"wp-image-1710 alignleft\" src=\"https:\/\/www.armadilloclub.org\/site\/wp-content\/uploads\/2019\/11\/Logo-Noche-de-Charanguistas-Negro-Fondo-transparente-300x184.png\" alt=\"\" width=\"258\" height=\"158\" srcset=\"https:\/\/www.armadilloclub.org\/site\/wp-content\/uploads\/2019\/11\/Logo-Noche-de-Charanguistas-Negro-Fondo-transparente-300x184.png 300w, https:\/\/www.armadilloclub.org\/site\/wp-content\/uploads\/2019\/11\/Logo-Noche-de-Charanguistas-Negro-Fondo-transparente-768x471.png 768w, https:\/\/www.armadilloclub.org\/site\/wp-content\/uploads\/2019\/11\/Logo-Noche-de-Charanguistas-Negro-Fondo-transparente.png 838w\" sizes=\"auto, (max-width: 258px) 100vw, 258px\" \/><\/a><\/div>\n<div><a href=\"https:\/\/www.armadilloclub.org\/site\/wp-content\/uploads\/2019\/11\/MREC_01-2-1.png\">\u00a0<\/a><\/div>\n<div><a href=\"https:\/\/www.armadilloclub.org\/site\/wp-content\/uploads\/2019\/11\/MREC_01-2-1.png\">\u00a0 <img loading=\"lazy\" decoding=\"async\" class=\"wp-image-1712 aligncenter\" src=\"https:\/\/www.armadilloclub.org\/site\/wp-content\/uploads\/2019\/11\/MREC_01-2-1-300x109.png\" alt=\"\" width=\"238\" height=\"86\" srcset=\"https:\/\/www.armadilloclub.org\/site\/wp-content\/uploads\/2019\/11\/MREC_01-2-1-300x109.png 300w, https:\/\/www.armadilloclub.org\/site\/wp-content\/uploads\/2019\/11\/MREC_01-2-1-768x278.png 768w, https:\/\/www.armadilloclub.org\/site\/wp-content\/uploads\/2019\/11\/MREC_01-2-1-1024x371.png 1024w\" sizes=\"auto, (max-width: 238px) 100vw, 238px\" \/><\/a><\/div>\n<div><\/div>\n<div><\/div>\n<div>Appuntamento d&#8217;eccezione <strong>venerd\u00ec 6 dicembre<\/strong>\u00a0all&#8217;Auditorium Armadillo Club, Centro Culturale Polivalente, ex vecchio mercato, in Via Terzi a Sarzana. Un pomeriggio e una serata interi dedicati alla musica Latino-Americana a al Charango, splendido piccolo strumento a corde della tradizione del Sud-America, il tutto sotto il patrocinio del Ministero delle Relazioni Estere della Repubblica d&#8217;Argentina.<\/div>\n<div><\/div>\n<div><img loading=\"lazy\" decoding=\"async\" class=\"img-responsive aligncenter\" src=\"http:\/\/v2.flexmailing.com\/files\/MCE2I9U1V4\/images\/LaNottedeiCharanguisti_p.jpg?t=1573577822\" alt=\"\" width=\"438\" height=\"619\" \/><\/div>\n<div><\/div>\n<div><strong>PATRICIO SULLIVAN,<\/strong>\u00a0virtuoso musicista argentino,<strong>\u00a0terr\u00e0 un workshop dalle ore 16<\/strong>\u00a0incentrato su ritmi e melodie Latino-Americane: attraverso il suono particolare del charango, saranno esplorati il suo origine, la sua storia, i suoi insegnanti e l&#8217;importanza di queste 10 corde nella musica andina e nel folklore sudamericano. Verranno presentate attivit\u00e0 attorno ai ritmi andini. agli\u00a0elementi melodici ritmici e di accompagnamento.<br \/>\nTra i ritmi e le melodie affrontati ci sar\u00e0: Tinku, Huayno e Saya.<\/div>\n<div>Il workshop, della durata di 3 ore, \u00e8 aperto a charanguisti principianti e\/o musicisti in generale, con l&#8217;obiettivo di fornire strumenti tecnici per lo studio del Charango e per l&#8217;avanzamento degli studenti.<br \/>\nVerranno svolte le seguente dimostrazioni pratiche:<br \/>\nPrima Parte:<br \/>\n&#8211; esercizi di pizzicato<br \/>\n&#8211; scala cromatica crescente e decrescente<br \/>\n&#8211; variazioni della scala con salti di corde e tasti<br \/>\n&#8211; scala di coppie fino al tasto 8<br \/>\n&#8211; esercizi su una e due corde della mano destra<br \/>\n&#8211; arpeggi<br \/>\nSeconda Parte:<br \/>\n&#8211; ripasso dei ritmi &#8220;Huayno&#8221; e &#8220;Tinku&#8221;<br \/>\n&#8211; esercizi di tremolo e la sua applicazione sullo strumento<br \/>\n&#8211; prova generale e preparazione dei temi proposte per la classe<\/div>\n<div>\n<p><strong>A seguire, dalle ore 20,30, apericena con degustazione di Chili &amp; Fagioli latino-americano e concerto &#8220;LA NOTTE DEI CHARANGUISTI&#8221;<\/strong><\/p>\n<p>La Notte dei Charanguisti (La Noche de Charanguistas) \u00e8 una rete culturale il cui obiettivo principale \u00e8 la diffusione del charango con cicli di concerti dal vivo, festival, workshop, seminari e diverse attivit\u00e0 intorno allo strumento. Presenta il charango nelle sue varie sfaccettature ed espressioni, nelle mani di artisti di eccellenza artistica, argentini e internazionali.<br \/>\n<strong>Patricio Sullivan (charangos, ronroco)<\/strong>\u00a0interpreter\u00e0 le sue composizioni e presenter\u00e0 un repertorio d&#8217;importanti autori latinoamericani con arrangiamenti originali. Patricio \u00e8 uno dei principali riferimenti del charango in America Latina e da anni organizza questi concerti \u00a0in tutto il mondo. Fondatore della Scuola di Charanguisti, la prima in Argentina, si dedica alla promozione e diffusione della tradizione del charango.<br \/>\n<strong>Honeybird meets Miele, duo di charango &amp; chitarra<\/strong><br \/>\n<strong>Monique Honeybird Mizrahi<\/strong>\u00a0\u00e8 musicista e compositrice, suona charango e chitarra e vive tra Los Angeles e l&#8217;Europa, in continuo tour con vari artisti internazionali. In Italia ha accompagnato in un tour estivo di successo la band Tre Allegri Ragazzi Morti. In questa occasione, presenter\u00e0 il suo nuovo album dal vivo &#8220;Cyclops Cat&#8221; e si esibir\u00e0 insieme al charanguista e chitarrista\u00a0<strong>Nicola Miele<\/strong>.<br \/>\nFinale concerto con una jam dei tre musicisti sul palco.<\/p>\n<div class=\"text_exposed_show\">\n<p>Un&#8217;occasione per passare una serata pre-natalizia insieme con un viaggio nella musica internazionale!<\/p>\n<p>Workshop: 10\u20ac<br \/>\nApericena+concerto: 15\u20ac<br \/>\nWorkshop+Apericena+Concerto: 20\u20ac<\/p>\n<p>Per ulteriori informazioni potete chiamare il numero 0187 626993 o scrivere all&#8217;indirizzo mail\u00a0<a href=\"mailto:info@armadilloclub.org\">info@armadilloclub.org<\/a><\/p>\n<\/div>\n<\/div>\n<\/td>\n<\/tr>\n<\/tbody>\n<\/table>\n<\/div>\n<\/div>\n<\/div>\n<div class=\"lyrow ui-draggable\">\n<div class=\"view\">\n<div class=\"row clearfix\">\n<p><code><\/code><\/p>\n<table id=\"93990c63-2155-de32-0d7c-8a46b11ff47d\" class=\"main\" border=\"0\" width=\"640\" cellspacing=\"0\" cellpadding=\"0\" align=\"center\" data-type=\"text-block\">\n<tbody>\n<tr>\n<td class=\"block-text\" align=\"left\" data-clonable=\"true\">\n<div>\u00a0<img decoding=\"async\" class=\"img-responsive aligncenter\" src=\"http:\/\/v2.flexmailing.com\/files\/MCE2I9U1V4\/images\/IMCHA032_M.jpg?t=1573580857\" alt=\"\" \/><\/div>\n<div><\/div>\n<div><em>Il Charango \u00e8 uno strumento a corde delle Ande. La cassa armonica \u00e8 stata tradizionalmente realizzata\u00a0<\/em><em>con il guscio dell&#8217;Armadillo, ma per proteggere questo animale e migliorare il suono, i produttori oggi lo\u00a0<\/em><em>fanno con il legno. La famiglia dei Charangos \u00e8 grande, con vari modelli e dimensioni, e con connessioni e\u00a0<\/em><em>ruoli diversi a seconda degli strumenti (di solito 10 corde raggruppate per due).<\/em><\/div>\n<\/td>\n<\/tr>\n<\/tbody>\n<\/table>\n<\/div>\n<\/div>\n<\/div>\n","protected":false},"excerpt":{"rendered":"<p>\u00a0 \u00a0 Appuntamento d&#8217;eccezione venerd\u00ec 6 dicembre\u00a0all&#8217;Auditorium Armadillo Club, Centro Culturale Polivalente, ex vecchio mercato, in Via Terzi a Sarzana. Un pomeriggio e una serata interi dedicati alla musica Latino-Americana a al Charango, splendido piccolo strumento a corde della tradizione &hellip; <\/p>\n<p><a class=\"more-link\" href=\"https:\/\/www.armadilloclub.org\/site\/2019\/11\/13\/1709\/\">Continue reading<\/a><\/p>\n","protected":false},"author":2,"featured_media":0,"comment_status":"closed","ping_status":"closed","sticky":false,"template":"","format":"standard","meta":{"footnotes":""},"categories":[1],"tags":[],"class_list":["post-1709","post","type-post","status-publish","format-standard","hentry","category-news"],"_links":{"self":[{"href":"https:\/\/www.armadilloclub.org\/site\/wp-json\/wp\/v2\/posts\/1709","targetHints":{"allow":["GET"]}}],"collection":[{"href":"https:\/\/www.armadilloclub.org\/site\/wp-json\/wp\/v2\/posts"}],"about":[{"href":"https:\/\/www.armadilloclub.org\/site\/wp-json\/wp\/v2\/types\/post"}],"author":[{"embeddable":true,"href":"https:\/\/www.armadilloclub.org\/site\/wp-json\/wp\/v2\/users\/2"}],"replies":[{"embeddable":true,"href":"https:\/\/www.armadilloclub.org\/site\/wp-json\/wp\/v2\/comments?post=1709"}],"version-history":[{"count":16,"href":"https:\/\/www.armadilloclub.org\/site\/wp-json\/wp\/v2\/posts\/1709\/revisions"}],"predecessor-version":[{"id":1729,"href":"https:\/\/www.armadilloclub.org\/site\/wp-json\/wp\/v2\/posts\/1709\/revisions\/1729"}],"wp:attachment":[{"href":"https:\/\/www.armadilloclub.org\/site\/wp-json\/wp\/v2\/media?parent=1709"}],"wp:term":[{"taxonomy":"category","embeddable":true,"href":"https:\/\/www.armadilloclub.org\/site\/wp-json\/wp\/v2\/categories?post=1709"},{"taxonomy":"post_tag","embeddable":true,"href":"https:\/\/www.armadilloclub.org\/site\/wp-json\/wp\/v2\/tags?post=1709"}],"curies":[{"name":"wp","href":"https:\/\/api.w.org\/{rel}","templated":true}]}}