{"id":1750,"date":"2020-08-05T17:51:13","date_gmt":"2020-08-05T15:51:13","guid":{"rendered":"http:\/\/www.armadilloclub.org\/site\/?p=1750"},"modified":"2025-01-09T09:40:17","modified_gmt":"2025-01-09T08:40:17","slug":"lacoustic-guitar-village-2020-a-cremona-musica-e-costretto-al-rinvio-si-realizzera-una-special-edition-ricca-di-eventi-nei-giorni-previsti-gia-al-lavoro-per-le-conferme-e-il-lavoro-organizzativo-i-2","status":"publish","type":"post","link":"https:\/\/www.armadilloclub.org\/site\/2020\/08\/05\/lacoustic-guitar-village-2020-a-cremona-musica-e-costretto-al-rinvio-si-realizzera-una-special-edition-ricca-di-eventi-nei-giorni-previsti-gia-al-lavoro-per-le-conferme-e-il-lavoro-organizzativo-i-2\/","title":{"rendered":"L&#8217;Acoustic Guitar Village 2020 a Cremona Musica \u00e8 costretto al rinvio. Si realizzer\u00e0 una Special Edition ricca di eventi nei giorni previsti. Gi\u00e0 al lavoro per le conferme e il lavoro organizzativo in vista del settembre 2021"},"content":{"rendered":"<p>Cari amici,<\/p>\n<p>con profonda tristezza dobbiamo dirvi che il consiglio d&#8217;amministrazione della Fiera di Cremona, riunito in sessione straordinaria alla luce della nuova decisione del governo italiano di prolungare lo stato di emergenza causa Covid al 31 ottobre e le conseguenti regole imposte dalla Regione Lombardia e dal Comune di Cremona, ha dovuto prendere atto e annullare la manifestazione, rimandandola al\u00a0<strong>2021, 24-26 settembre<\/strong>.<br \/>\nQuesta notizia ci ha ovviamente rammaricato e complicato l&#8217;organizzazione dell&#8217;evento che era ormai in stato di avviamento e procedeva spedito, costringendoci a prenderne atto. Speravamo tanto di riuscire a realizzare l&#8217;AGV anche quest&#8217;anno!<\/p>\n<p>Anche l&#8217;Acoustic Guitar Village deve quindi a malincuore attenersi a questa disposizione, considerando che dal 1998, per 23 anni, tra Sarzana e Cremona, mai era stata annullata un&#8217;edizione! Ma i tempi come sapete sono questi, \u00e8 successo a tutte le manifestazioni nel mondo, e anche se abbiamo sperato e spinto fino all&#8217;ultimo ci siamo dovuti arrendere.<\/p>\n<p>Intuiamo l&#8217;amarezza di molti, e anche un po&#8217; di fastidio, ma vi invitiamo a riflettere su quanto questa notizia abbia ferito noi, che abbiamo lavorato incessantemente per l&#8217;organizzazione in quasi un anno di lavoro!<\/p>\n<p>Intanto vi annunciamo che tutto il programma previsto per quest&#8217;anno 2020 \u00e8 gi\u00e0 da adesso confermato per il 24-26 settembre 2021, quando siamo sicuri realizzeremo una grande edizione, considerando la grande voglia e passione che tutti metteremo tra addetti ai lavori e pubblico. Ovviamente confidiamo fortemente sulla vostra presenza e sull&#8217;organizzazione delle vostre attivit\u00e0!<\/p>\n<p><a href=\"https:\/\/www.armadilloclub.org\/site\/wp-content\/uploads\/2020\/08\/Luthiers-Row_2.jpg\"><img loading=\"lazy\" decoding=\"async\" class=\"aligncenter wp-image-1751 size-large\" src=\"https:\/\/www.armadilloclub.org\/site\/wp-content\/uploads\/2020\/08\/Luthiers-Row_2-1024x683.jpg\" alt=\"\" width=\"1024\" height=\"683\" srcset=\"https:\/\/www.armadilloclub.org\/site\/wp-content\/uploads\/2020\/08\/Luthiers-Row_2-1024x683.jpg 1024w, https:\/\/www.armadilloclub.org\/site\/wp-content\/uploads\/2020\/08\/Luthiers-Row_2-300x200.jpg 300w, https:\/\/www.armadilloclub.org\/site\/wp-content\/uploads\/2020\/08\/Luthiers-Row_2-768x512.jpg 768w, https:\/\/www.armadilloclub.org\/site\/wp-content\/uploads\/2020\/08\/Luthiers-Row_2.jpg 1500w\" sizes=\"auto, (max-width: 1024px) 100vw, 1024px\" \/><\/a><\/p>\n<p><strong>CREMONA MUSICA PERO&#8217; NON SI FERMA!<\/strong><\/p>\n<p>Stiamo operando per un evento live a Cremona che si svolger\u00e0 nello stesso weekend previsto per l&#8217;AGV, cos\u00ec come si sta lavorando a realizzare piattaforme digitali per la parte espositiva degli strumenti.<br \/>\n<strong>Ecco i dettagli in merito nel comunicato ufficiale della Direzione di Cremona Musica:<\/strong><\/p>\n<p><em>CREMONA MUSICA SPECIAL EDITION,\u00a0<strong>in programma il 26 e il 27 settembre 2020<\/strong>, \u00e8 la nuova versione della fiera di riferimento per il mondo musicale che sostituir\u00e0 per quest&#8217;anno, la classica manifestazione fieristica che si svolge ogni anno nei padiglioni di CremonaFiere, mantenendo\u00a0<a href=\"http:\/\/www.cremonamusica.com\/\" target=\"_blank\" rel=\"noopener noreferrer\">Cremona Musica\u00a0<\/a>e le aziende al centro del settore musicale anche in un momento cos\u00ec difficile. Questa edizione speciale sar\u00e0 caratterizzata da un calendario artistico-culturale, del quale verr\u00e0 comunicato il programma nelle prossime settimane, e dalla componente di business formata dalla fitta rete di operatori e istituzioni gi\u00e0 coinvolte dall&#8217;evento.<\/em><\/p>\n<p><em>&#8220;La volont\u00e0 di metterci al lavoro da subito per\u00a0dare voce al settore e la consapevolezza del ruolo centrale di Cremona Musica ci hanno spinto a voler organizzare la Manifestazione anche e soprattutto in questo difficile momento &#8211; spiega il Presidente di CremonaFiere\u00a0<strong>Roberto Biloni<\/strong>\u00a0-. Purtroppo per\u00f2 le condizioni attuali dell&#8217;emergenza sanitaria a livello internazionale, e dove la componente estera rappresenta il 64%, non ci consentono di prevedere una Manifestazione che risponda alle aspettative di esperienza fieristica e di business tipiche del nostro evento. Ci troviamo nelle condizioni di dover annullare l&#8217;esposizione per l&#8217;anno 2020, perlomeno nella modalit\u00e0 tradizionale, quindi rilanciamo con una formula che coinvolger\u00e0 il territorio, anche grazie all&#8217;ampia disponibilit\u00e0 di tutte le istituzioni. Cremona Musica \u00e8 il punto di riferimento fieristico mondiale per il settore dello strumento musicale d&#8217;alta gamma, per questo motivo avevamo il dovere di mantenere questa centralit\u00e0 anche e soprattutto in un anno cos\u00ec complicato. Auspicando in un miglioramento delle condizioni della pandemia, abbiamo continuato nell&#8217;organizzazione dell&#8217;evento che pareva potesse svolgersi regolarmente, seppur prevedendo le necessarie precauzioni. La fiera \u00e8 sempre stata caratterizzata da un perfetto equilibrio di arte, cultura e business internazionali, ma alla luce dell\u2019emergenza sanitaria a livello mondiale, non \u00e8 possibile ragionevolmente contare su una formula tradizionale che risponda alle necessit\u00e0 di efficacia espositiva cos\u00ec come descritto&#8221;.<\/em><\/p>\n<p><em><strong>CREMONA MUSICA SPECIAL EDITION<\/strong>\u00a0nasce quindi dalla necessit\u00e0 del mercato di avere comunque il suo punto di riferimento e dalla volont\u00e0 di Cremonafiere di rilanciare con forza per una eccezionale edizione 2021 che torner\u00e0 ad essere orientata all&#8217;esperienza unica e coinvolgente della citt\u00e0 di Cremona, all&#8217;incontro personale, e ai sorrisi di soddisfazione per aver partecipato e vissuto appieno la storica Manifestazione. Tutto questo avverr\u00e0 anche grazie ad azioni sinergiche realizzate con il territorio, patria di storici liutai e compositori, che permetteranno di realizzare un format fieristico 2021 sempre pi\u00f9 coinvolgente e completo. Le iniziative del prossimo settembre saranno numerose e vedranno la realizzazione di contest, performance, presentazioni e concerti, fra fiera e prestigiose location cittadine soddisfando cos\u00ec un variegato pubblico di appassionati e fornendo importanti vetrine di business, soprattutto digitali, alle aziende coinvolte. La componente internazionale sar\u00e0 raggiunta anche tramite il programma di promozione della Manifestazione e di coinvolgimento di operatori.<\/em><\/p>\n<p><strong>Saremo in contatto di nuovo prossimamente sia per informazioni circa le piattoforme digitali e special edition 2020 con il programma relativo all&#8217;Acoustic Guitar Village, sia per informazioni per il 2021, intanto vi auguriamo buon lavoro.<\/strong><\/p>\n<p>Cordiali saluti e a presto!<\/p>\n<p>Staff at Acoustic Guitar Village<br \/>\nCremona Musica International Exhibitions and Festival<br \/>\nAss. Cult. &#8220;Armadillo&#8221; APS, Sarzana Italy<\/p>\n<p>Tel\/fax: +39 0187 626993<br \/>\nwww.acousticguitarvillage.net<br \/>\nwww.cremonamusica.com\/acoustic-guitar-village\/<br \/>\nwww.cremonamusica.com\/accordion-show\/<br \/>\nwww.armadilloclub.org<br \/>\nwww.facebook.com\/acousticguitarvillagecremona<br \/>\nwww.facebook.com\/AcousticGuitarMeetingVideos<br \/>\nwww.facebook.com\/armadillo.livemusic<\/p>\n<p><a href=\"https:\/\/www.armadilloclub.org\/site\/wp-content\/uploads\/2020\/08\/Pubblico-Crossover-Guitar-Orchestra.jpg\"><img loading=\"lazy\" decoding=\"async\" class=\"size-full wp-image-1755 aligncenter\" src=\"https:\/\/www.armadilloclub.org\/site\/wp-content\/uploads\/2020\/08\/Pubblico-Crossover-Guitar-Orchestra.jpg\" alt=\"\" width=\"806\" height=\"605\" srcset=\"https:\/\/www.armadilloclub.org\/site\/wp-content\/uploads\/2020\/08\/Pubblico-Crossover-Guitar-Orchestra.jpg 806w, https:\/\/www.armadilloclub.org\/site\/wp-content\/uploads\/2020\/08\/Pubblico-Crossover-Guitar-Orchestra-300x225.jpg 300w, https:\/\/www.armadilloclub.org\/site\/wp-content\/uploads\/2020\/08\/Pubblico-Crossover-Guitar-Orchestra-768x576.jpg 768w\" sizes=\"auto, (max-width: 806px) 100vw, 806px\" \/><\/a><\/p>\n<p>&nbsp;<\/p>\n","protected":false},"excerpt":{"rendered":"<p>Cari amici, con profonda tristezza dobbiamo dirvi che il consiglio d&#8217;amministrazione della Fiera di Cremona, riunito in sessione straordinaria alla luce della nuova decisione del governo italiano di prolungare lo stato di emergenza causa Covid al 31 ottobre e le &hellip; <\/p>\n<p><a class=\"more-link\" href=\"https:\/\/www.armadilloclub.org\/site\/2020\/08\/05\/lacoustic-guitar-village-2020-a-cremona-musica-e-costretto-al-rinvio-si-realizzera-una-special-edition-ricca-di-eventi-nei-giorni-previsti-gia-al-lavoro-per-le-conferme-e-il-lavoro-organizzativo-i-2\/\">Continue reading<\/a><\/p>\n","protected":false},"author":2,"featured_media":0,"comment_status":"closed","ping_status":"closed","sticky":false,"template":"","format":"standard","meta":{"footnotes":""},"categories":[1],"tags":[],"class_list":["post-1750","post","type-post","status-publish","format-standard","hentry","category-news"],"_links":{"self":[{"href":"https:\/\/www.armadilloclub.org\/site\/wp-json\/wp\/v2\/posts\/1750","targetHints":{"allow":["GET"]}}],"collection":[{"href":"https:\/\/www.armadilloclub.org\/site\/wp-json\/wp\/v2\/posts"}],"about":[{"href":"https:\/\/www.armadilloclub.org\/site\/wp-json\/wp\/v2\/types\/post"}],"author":[{"embeddable":true,"href":"https:\/\/www.armadilloclub.org\/site\/wp-json\/wp\/v2\/users\/2"}],"replies":[{"embeddable":true,"href":"https:\/\/www.armadilloclub.org\/site\/wp-json\/wp\/v2\/comments?post=1750"}],"version-history":[{"count":1,"href":"https:\/\/www.armadilloclub.org\/site\/wp-json\/wp\/v2\/posts\/1750\/revisions"}],"predecessor-version":[{"id":1757,"href":"https:\/\/www.armadilloclub.org\/site\/wp-json\/wp\/v2\/posts\/1750\/revisions\/1757"}],"wp:attachment":[{"href":"https:\/\/www.armadilloclub.org\/site\/wp-json\/wp\/v2\/media?parent=1750"}],"wp:term":[{"taxonomy":"category","embeddable":true,"href":"https:\/\/www.armadilloclub.org\/site\/wp-json\/wp\/v2\/categories?post=1750"},{"taxonomy":"post_tag","embeddable":true,"href":"https:\/\/www.armadilloclub.org\/site\/wp-json\/wp\/v2\/tags?post=1750"}],"curies":[{"name":"wp","href":"https:\/\/api.w.org\/{rel}","templated":true}]}}