{"id":2195,"date":"2020-09-10T08:27:22","date_gmt":"2020-09-10T06:27:22","guid":{"rendered":"http:\/\/www.armadilloclub.org\/site\/?p=2195"},"modified":"2025-01-09T09:41:03","modified_gmt":"2025-01-09T08:41:03","slug":"dopo-il-rinvio-obbligato-al-settembre-2021-dellacoustic-guitar-village-2020-a-cremona-musica-si-parte-per-cremona-musica-special-edition-una-due-giorni-ricca-di-eventi-live-e-altre-particol","status":"publish","type":"post","link":"https:\/\/www.armadilloclub.org\/site\/2020\/09\/10\/dopo-il-rinvio-obbligato-al-settembre-2021-dellacoustic-guitar-village-2020-a-cremona-musica-si-parte-per-cremona-musica-special-edition-una-due-giorni-ricca-di-eventi-live-e-altre-particol\/","title":{"rendered":"Dopo il rinvio obbligato al settembre 2021 dell\u2019Acoustic Guitar Village 2020 a Cremona Musica, si parte per Cremona Musica Special Edition, una due giorni ricca di eventi live e altre particolari iniziative nei giorni 26 e 27 settembre p.v. Gi\u00e0 al lavoro per le conferme e il lavoro organizzativo in vista del settembre 2021!"},"content":{"rendered":"<p><a href=\"https:\/\/www.armadilloclub.org\/site\/wp-content\/uploads\/2020\/09\/1_palco.jpg\"><img loading=\"lazy\" decoding=\"async\" class=\"aligncenter size-large wp-image-2196\" src=\"https:\/\/www.armadilloclub.org\/site\/wp-content\/uploads\/2020\/09\/1_palco-1024x506.jpg\" alt=\"\" width=\"1024\" height=\"506\" srcset=\"https:\/\/www.armadilloclub.org\/site\/wp-content\/uploads\/2020\/09\/1_palco-1024x506.jpg 1024w, https:\/\/www.armadilloclub.org\/site\/wp-content\/uploads\/2020\/09\/1_palco-300x148.jpg 300w, https:\/\/www.armadilloclub.org\/site\/wp-content\/uploads\/2020\/09\/1_palco-768x380.jpg 768w, https:\/\/www.armadilloclub.org\/site\/wp-content\/uploads\/2020\/09\/1_palco.jpg 1200w\" sizes=\"auto, (max-width: 1024px) 100vw, 1024px\" \/><\/a><\/p>\n<p>Cari amici,<\/p>\n<p>dopo la triste comunicazione del rinvio dell\u2019edizione 2020, si parte con rinnovato vigore per questa Special Edition di Cremona Musica e dei suoi saloni di strumenti musicali, di cui l\u2019Acoustic Guitar Village \u00e8 una delle attrattive principali.<br \/>\nSabato 26 e domenica 27 settembre, dal pomeriggio alla sera, il cuore del centro storico di Cremona vedr\u00e0 una serie di performance di grandi artisti della sei corde e altri strumenti a plettro e pizzico, pronti a presentare i propri progetti musicali e a dialogare con altri strumenti, per degli spettacoli che si annunciano imperdibili!<br \/>\nNella prossima newsletter comunicheremo il dettaglio definitivo degli artisti coinvolti e il luogo preciso in cui si svolgeranno i concerti, ma il programma sar\u00e0 quanto mai ricco:\u00a0<strong>Beppe Gambetta<\/strong>\u00a0con la presentazione del nuovo lavoro discografico, il virtuoso del mandolino<strong>\u00a0Carlo Aonzo<\/strong>,\u00a0<strong>una super band di bluegrass<\/strong>\u00a0capitanata da\u00a0<strong>Danilo Cartia<\/strong>, il cantautore\u00a0<strong>Andrea Tarquini<\/strong>\u00a0accompagnato da un trio d\u2019archi,\u00a0<strong>gli allievi di chitarra dell\u2019Istituto Stradivari di Cremona<\/strong>, la chitarra fingerstyle di\u00a0<strong>Val Bonetti<\/strong>, il maestro\u00a0<strong>Francesco Taranto<\/strong>\u00a0e le sue chitarre dell\u2019800, il gruppo di musica folk\u00a0<strong>\u201cScariolanti\u201d<\/strong>,\u00a0<strong>bandoneon argentini<\/strong>\u00a0e un<strong>\u00a0omaggio a Astor Piazzolla<\/strong>\u00a0saranno tra i protagonisti, con adesioni che aumentano in continuazione.<br \/>\nUn ringraziamento particolare per la collaborazione va alla\u00a0<strong>Acus-sound Engineering<\/strong>, alla\u00a0<strong>Martin Guitars, Algam-Eko<\/strong>, alla\u00a0<strong>Taylor Guitars<\/strong>, alla\u00a0<strong>Collings Guitars<\/strong>\u00a0e alla\u00a0<strong>Ennegi Guitars<\/strong>, speciali chitarre in fibra di carbonio che verranno presentate per l\u2019occasione.<\/p>\n<p>Intanto vi annunciamo che tutto il programma previsto per quest\u2019anno 2020 \u00e8 gi\u00e0 da adesso confermato per il\u00a0<strong>24-26 settembre 2021<\/strong>, quando siamo sicuri realizzeremo una grande edizione, considerando la grande voglia e passione che tutti metteremo tra addetti ai lavori e pubblico. Ovviamente confidiamo fortemente sulla vostra presenza e sull\u2019organizzazione delle vostre attivit\u00e0!<\/p>\n<p><center><a href=\"https:\/\/www.armadilloclub.org\/site\/wp-content\/uploads\/2020\/09\/3_palco-presentazione.jpg\"><img loading=\"lazy\" decoding=\"async\" class=\"\" src=\"https:\/\/www.armadilloclub.org\/site\/wp-content\/uploads\/2020\/09\/3_palco-presentazione.jpg\" alt=\"\" width=\"385\" height=\"250\" \/><\/a> \u00a0 \u00a0 <a href=\"https:\/\/www.armadilloclub.org\/site\/wp-content\/uploads\/2020\/09\/2_corde-e-voci.jpg\"><img loading=\"lazy\" decoding=\"async\" class=\"\" src=\"https:\/\/www.armadilloclub.org\/site\/wp-content\/uploads\/2020\/09\/2_corde-e-voci.jpg\" alt=\"\" width=\"287\" height=\"252\" \/><\/a><\/center>&nbsp;<\/p>\n<p><strong>PARTECIPA ALLA SPECIAL EDITION DI CREMONA MUSICA!<\/strong><\/p>\n<p><a href=\"http:\/\/news.cremonafiere.it\/e\/t?q=5%3d9YESE%26J%3dCZ%26v%3dYBZC%26M%3dAbDgI%26M%3dpR4H_zycr_A9_2sax_B8_zycr_0D7O5.A27uMx3uS3Ak9.mGu_PauX_Zp_JY1Z_UnF4Lx_PauX_ak_JY1Z_Tn_PauX_ZpO5U.mJmKyFiK5KqAk.5wK_2sax_B8_zycr_AD5Lu_QyMzAo_JY1Z_UlEyGoJo_JY1Z_TCZMFmU3DmR47z_PauX_ZFM2K_w7l3i9kG5E_zycr_ABoEiGv%266%3d%26qQ%3dHUFZ\" target=\"_blank\" rel=\"noopener noreferrer\">CREMONA MUSICA SPECIAL EDITION<\/a>, in programma il 26 e il 27 settembre 2020, \u00e8 la nuova versione della fiera di riferimento per il mondo musicale che sostituir\u00e0 per quest\u2019anno, la classica manifestazione fieristica che si svolge ogni anno nei padiglioni di CremonaFiere, mantenendo Cremona Musica e le aziende al centro del settore musicale anche in un momento cos\u00ec difficile. Questa edizione speciale sar\u00e0 caratterizzata dalla componente di business digitale ed eventi dal vivo, che prevede le seguenti modalit\u00e0 di partecipazione:<\/p>\n<p><strong>1 \u2013 VETRINA DIGITALE<\/strong>:<br \/>\nsi tratta di una piattaforma virtuale in cui ogni espositore potr\u00e0 avere il proprio spazio online con una grafica dedicata, una descrizione aziendale, le immagini dei propri prodotti e la possibilit\u00e0 di contattare e farsi contattare da operatori interessati.<\/p>\n<p><a href=\"http:\/\/news.cremonafiere.it\/e\/t?q=0%3dKWBXQ%26H%3d0e%268%3dW9eO%26K%3d8gPeF%26R%3d2P1M_BwZw_M7_yxmv_9C_BwZw_LB4TG.9yB7Ku87QzFw7.jL7_NXzj_XmT0-9vKDAuQ_BwZw_LB2M6KhAC_NXzj_XmP3PlP_BwZw_LB9_OkyW_YzXGYT_NXzj_XmgR_NXzj_XmjgXG-SyPyF87-m8w-OpJ3Hl-BKaFdPaGcSdEcT.FwB1_NXzj_YmEDPw_OkyW_Zu_NXzj_Xm_OkyW_YzS4T.wNlJ9JhJEOp0u.9vJ_BwZw_LB_yxmv_0CEPt_P9Qy0y_NXzj_YkD9KnIy_NXzj_X8u7hBYWJlTCHlQDAy_OkyW_YPQ1J_7AkFEI_yxmv_0AyIhF6%260%3d%26pP%3dRYEY\" target=\"_blank\" rel=\"noopener noreferrer\">Clicca qui per vedere il fac-simile della vetrina digitale<\/a><\/p>\n<p><strong>2 \u2013 PRESENTAZIONE AZIENDALE IN PRESENZA<\/strong>:<br \/>\nin occasione di Cremona Musica special edition, chi aderir\u00e0 alla vetrina digitale potr\u00e0 anche partecipare agli \u201cspeed date di Cremona Musica\u201d. Con questa iniziativa, le aziende aderenti potranno presentare dal vivo i propri prodotti ad un pubblico fisico presente a Cremona e nello stesso tempo anche ad un pubblico di potenziali compratori che, collegati on line e contattati grazie alla collaborazione di ITA (Italian Trade Agency) e della rete dei suoi Uffici nel mondo, potranno assistere alle presentazioni e contattare direttamente le aziende di loro interesse.<\/p>\n<p><strong>3 \u2013 PRENOTAZIONE\/CONFERMA STAND EDIZIONE 2021<\/strong>:<br \/>\nper coloro che decidono fin da ora di confermare o prenotare la partecipazione all\u2019edizione 2021 di Cremona Musica, \u00e8 prevista una agevolazione economica sull\u2019acquisto della vetrina digitale dell\u2019edizione 2020.<\/p>\n<p><strong>4 \u2013 PACCHETTO COMUNICAZIONE<\/strong>:<br \/>\nCremona Musica, mette anche a disposizione il proprio data base di contatti per l\u2019invio di newsletter e dem personalizzate agli espositori che desiderano potenziare la propria comunicazione verso i potenziali clienti.<\/p>\n<p><a href=\"http:\/\/news.cremonafiere.it\/e\/t?q=3%3dCURQI%26F%3dPX%26z%3dUOXG%26I%3dNZHcV%26K%3dtNGF_4upp_E5_Eqet_O6_4upp_D0JM9.7E5yIA1yOF9o5.zEy_Lnsb_V3M2-7BD69AJ_4upp_D0HFxIx45_Lnsb_V3IuN2I_4upp_D0O_Hcwm_RrVWRL_Lnsb_V3ZJ_Lnsb_V3cYVW-a2J99o5G91H-3E4G-FFq761x-9196CBD.283_Hcwm_SrBGJ2_Lnsb_Wx_Hcwm_Rr_Lnsb_V3M9Q.zHqGBDmGHIu7x.31G_Eqet_O6_4upp_E0HJy_MBK472_Hcwm_SpABEsF2_Hcwm_RGV1m5xZDqQFBqNG54_Lnsb_VSK6G_05pCHC_4upp_E82CmC9%264%3d%26uM%3dUSJV\" target=\"_blank\" rel=\"noopener noreferrer\"><strong>Clicca qui e scarica il modulo di adesione<\/strong><\/a><\/p>\n<p>Per informazioni: Tel. 0372 598 011 \u2013 Fax 0372 598 222 \u2013 Email: info@cremonamusica.com<\/p>\n<p><center><a href=\"https:\/\/www.armadilloclub.org\/site\/wp-content\/uploads\/2020\/09\/6_scariolanti.jpg\"><img loading=\"lazy\" decoding=\"async\" class=\"alignnone size-thumbnail wp-image-2211\" src=\"https:\/\/www.armadilloclub.org\/site\/wp-content\/uploads\/2020\/09\/6_scariolanti-150x150.jpg\" alt=\"\" width=\"150\" height=\"150\" \/><\/a> <a href=\"https:\/\/www.armadilloclub.org\/site\/wp-content\/uploads\/2020\/09\/5_aonso.jpg\"><img loading=\"lazy\" decoding=\"async\" class=\"alignnone size-thumbnail wp-image-2213\" src=\"https:\/\/www.armadilloclub.org\/site\/wp-content\/uploads\/2020\/09\/5_aonso-150x150.jpg\" alt=\"\" width=\"150\" height=\"150\" srcset=\"https:\/\/www.armadilloclub.org\/site\/wp-content\/uploads\/2020\/09\/5_aonso-150x150.jpg 150w, https:\/\/www.armadilloclub.org\/site\/wp-content\/uploads\/2020\/09\/5_aonso-300x300.jpg 300w, https:\/\/www.armadilloclub.org\/site\/wp-content\/uploads\/2020\/09\/5_aonso-768x768.jpg 768w, https:\/\/www.armadilloclub.org\/site\/wp-content\/uploads\/2020\/09\/5_aonso.jpg 877w\" sizes=\"auto, (max-width: 150px) 100vw, 150px\" \/><\/a> <a href=\"https:\/\/www.armadilloclub.org\/site\/wp-content\/uploads\/2020\/09\/4_gambetta.jpg\"><img loading=\"lazy\" decoding=\"async\" class=\"alignnone size-thumbnail wp-image-2215\" src=\"https:\/\/www.armadilloclub.org\/site\/wp-content\/uploads\/2020\/09\/4_gambetta-150x150.jpg\" alt=\"\" width=\"150\" height=\"150\" \/><\/a><br \/>\n<a href=\"https:\/\/www.armadilloclub.org\/site\/wp-content\/uploads\/2020\/09\/9_fisarmonica.jpg\"><img loading=\"lazy\" decoding=\"async\" class=\"alignnone size-thumbnail wp-image-2217\" src=\"https:\/\/www.armadilloclub.org\/site\/wp-content\/uploads\/2020\/09\/9_fisarmonica-150x150.jpg\" alt=\"\" width=\"150\" height=\"150\" \/><\/a> <a href=\"https:\/\/www.armadilloclub.org\/site\/wp-content\/uploads\/2020\/09\/8_fisarmonica.jpg\"><img loading=\"lazy\" decoding=\"async\" class=\"alignnone size-thumbnail wp-image-2219\" src=\"https:\/\/www.armadilloclub.org\/site\/wp-content\/uploads\/2020\/09\/8_fisarmonica-150x150.jpg\" alt=\"\" width=\"150\" height=\"150\" \/><\/a> <a href=\"https:\/\/www.armadilloclub.org\/site\/wp-content\/uploads\/2020\/09\/7_duo.jpg\"><img loading=\"lazy\" decoding=\"async\" class=\"alignnone size-thumbnail wp-image-2221\" src=\"https:\/\/www.armadilloclub.org\/site\/wp-content\/uploads\/2020\/09\/7_duo-150x150.jpg\" alt=\"\" width=\"150\" height=\"150\" \/><\/a><\/center><em>CREMONA MUSICA SPECIAL EDITION nasce dalla necessit\u00e0 del mercato di avere comunque il suo punto di riferimento e dalla volont\u00e0 di CremonaFiere di rilanciare con forza per una eccezionale edizione 2021 che torner\u00e0 ad essere orientata all\u2019esperienza unica e coinvolgente della citt\u00e0 di Cremona, all\u2019incontro personale, e ai sorrisi di soddisfazione per aver partecipato e vissuto appieno la storica Manifestazione.<br \/>\nLe iniziative del prossimo settembre saranno numerose e vedranno la realizzazione di contest, performance, presentazioni e concerti, fra fiera e prestigiose location cittadine soddisfando cos\u00ec un variegato pubblico di appassionati e fornendo importanti vetrine di business, soprattutto digitali, alle aziende coinvolte.\u00a0<\/em><\/p>\n<p><strong>Saremo in contatto di nuovo nei prossimi giorni con il programma definitivo e i luoghi di svolgimento dell\u2019Acoustic Guitar Village nel centro storico di Cremona, 26 e 27 settembre.<\/strong><\/p>\n<p>Cordiali saluti e a presto!<\/p>\n<p>Staff at Acoustic Guitar Village<br \/>\nCremona Musica International Exhibitions and Festival<br \/>\nAss. Cult. \u201cArmadillo\u201d APS, Sarzana Italy<\/p>\n<p>Tel\/fax: +39 0187 626993<br \/>\nwww.acousticguitarvillage.net<br \/>\nwww.cremonamusica.com\/acoustic-guitar-village\/<br \/>\nwww.cremonamusica.com\/accordion-show\/<br \/>\nwww.armadilloclub.org<br \/>\nwww.facebook.com\/acousticguitarvillagecremona<br \/>\nwww.facebook.com\/AcousticGuitarMeetingVideos<br \/>\nwww.facebook.com\/armadillo.livemusic<\/p>\n","protected":false},"excerpt":{"rendered":"<p>Cari amici, dopo la triste comunicazione del rinvio dell\u2019edizione 2020, si parte con rinnovato vigore per questa Special Edition di Cremona Musica e dei suoi saloni di strumenti musicali, di cui l\u2019Acoustic Guitar Village \u00e8 una delle attrattive principali. Sabato &hellip; <\/p>\n<p><a class=\"more-link\" href=\"https:\/\/www.armadilloclub.org\/site\/2020\/09\/10\/dopo-il-rinvio-obbligato-al-settembre-2021-dellacoustic-guitar-village-2020-a-cremona-musica-si-parte-per-cremona-musica-special-edition-una-due-giorni-ricca-di-eventi-live-e-altre-particol\/\">Continue reading<\/a><\/p>\n","protected":false},"author":2,"featured_media":0,"comment_status":"closed","ping_status":"closed","sticky":false,"template":"","format":"standard","meta":{"footnotes":""},"categories":[1],"tags":[],"class_list":["post-2195","post","type-post","status-publish","format-standard","hentry","category-news"],"_links":{"self":[{"href":"https:\/\/www.armadilloclub.org\/site\/wp-json\/wp\/v2\/posts\/2195","targetHints":{"allow":["GET"]}}],"collection":[{"href":"https:\/\/www.armadilloclub.org\/site\/wp-json\/wp\/v2\/posts"}],"about":[{"href":"https:\/\/www.armadilloclub.org\/site\/wp-json\/wp\/v2\/types\/post"}],"author":[{"embeddable":true,"href":"https:\/\/www.armadilloclub.org\/site\/wp-json\/wp\/v2\/users\/2"}],"replies":[{"embeddable":true,"href":"https:\/\/www.armadilloclub.org\/site\/wp-json\/wp\/v2\/comments?post=2195"}],"version-history":[{"count":13,"href":"https:\/\/www.armadilloclub.org\/site\/wp-json\/wp\/v2\/posts\/2195\/revisions"}],"predecessor-version":[{"id":2226,"href":"https:\/\/www.armadilloclub.org\/site\/wp-json\/wp\/v2\/posts\/2195\/revisions\/2226"}],"wp:attachment":[{"href":"https:\/\/www.armadilloclub.org\/site\/wp-json\/wp\/v2\/media?parent=2195"}],"wp:term":[{"taxonomy":"category","embeddable":true,"href":"https:\/\/www.armadilloclub.org\/site\/wp-json\/wp\/v2\/categories?post=2195"},{"taxonomy":"post_tag","embeddable":true,"href":"https:\/\/www.armadilloclub.org\/site\/wp-json\/wp\/v2\/tags?post=2195"}],"curies":[{"name":"wp","href":"https:\/\/api.w.org\/{rel}","templated":true}]}}