{"id":244,"date":"2015-08-11T09:54:01","date_gmt":"2015-08-11T07:54:01","guid":{"rendered":"http:\/\/armadilloclub.org\/site\/?p=244"},"modified":"2025-01-09T09:46:30","modified_gmt":"2025-01-09T08:46:30","slug":"laboratorio-piazza-de-andre-2015-21-22-agosto-in-p-zza-de-andre-a-sarzana","status":"publish","type":"post","link":"https:\/\/www.armadilloclub.org\/site\/2015\/08\/11\/laboratorio-piazza-de-andre-2015-21-22-agosto-in-p-zza-de-andre-a-sarzana\/","title":{"rendered":"Laboratorio Piazza De Andr\u00e9 2015, a Sarzana in Piazza De Andr\u00e8 il 21-22 agosto. Premio assegnato a Antonio Infantino!"},"content":{"rendered":"<p><a href=\"http:\/\/armadilloclub.org\/site\/wp-content\/uploads\/2015\/08\/Laboratorio-P.zza-De-Andr\u00e8_2015.jpg\"><img loading=\"lazy\" decoding=\"async\" class=\"alignnone size-medium wp-image-317\" src=\"http:\/\/armadilloclub.org\/site\/wp-content\/uploads\/2015\/08\/Laboratorio-P.zza-De-Andr\u00e8_2015-212x300.jpg\" alt=\"Laboratorio P.zza De Andr\u00e8_2015\" width=\"212\" height=\"300\" srcset=\"https:\/\/www.armadilloclub.org\/site\/wp-content\/uploads\/2015\/08\/Laboratorio-P.zza-De-Andr\u00e8_2015-212x300.jpg 212w, https:\/\/www.armadilloclub.org\/site\/wp-content\/uploads\/2015\/08\/Laboratorio-P.zza-De-Andr\u00e8_2015.jpg 702w\" sizes=\"auto, (max-width: 212px) 100vw, 212px\" \/><\/a><br \/>\n<strong>VENERDI\u2019 21 AGOSTO<\/strong><\/p>\n<p>ore 18<\/p>\n<p>Arte varia e pittori in Piazza<\/p>\n<p>Interventi del <strong>Presidio di LIBERA \u201cDARIO CAPOLICCHIO\u201d<\/strong>: &#8220;Cronache da Fort Apache&#8221;<br \/>\n<em>nel ventennale di Libera, letture da articoli di Giancarlo Siani, il giornalista napoletano di cui quest&#8217;anno ricorrono i 30 anni dall&#8217;assassinio per mano della camorra<\/em><\/p>\n<p>Reading di poesia di <strong>LUCIANO MEZZETTA<\/strong><\/p>\n<p><strong>RAFFAELE COZZATI<\/strong> &#8220;One Blues Man&#8221;<br \/>\nvoce &amp; chitarra blues<\/p>\n<p><strong>BLIPS<\/strong><br \/>\nSara Kismet Del Bubba, voce e basso elettrico &#8211; Tommaso Vietina, chitarra e voce &#8211; Chiara Esposito, batteria &#8211; special guest: Sara Cas, chitarra<\/p>\n<p>ore 21\u00a0in concerto:<\/p>\n<p><strong>TEMPI DURI<\/strong><br \/>\nCarlo Facchini, voce e chitarra acustica &#8211; Carlo Pimazzoni, chitarra elettrica e cori &#8211; Marco Bisotto, batteria<br \/>\nGiampaolo Righetti, basso e cori &#8211; Claudio Fiorini, tastiere e cori &#8211; Giulia Baldo, voce<\/p>\n<p><em>Unica band prodotta da Fabrizio De Andr\u00e9 e Dori Ghezzi per la Fado, nasce nella prima met\u00e0 degli anni ottanta tra le citt\u00e0 di Verona e Genova, dalla collaborazione di Carlo Facchini con Cristiano De Andr\u00e8. Nel 1981 e 1982 il gruppo and\u00f2 in tour con Fabrizio per tre volte consecutive, riportando un grande successo e partecipando successivamente a molti appuntamenti e trasmissioni televisive di grande seguito. Sciolti nel 1985 e dopo oltre 30 anni di blackout quasi totale i Tempi Duri riprendono sorprendentemente la piena attivit\u00e0 nel 2014, effettuando 3 uscite contemporanee in un solo giorno: quella del nuovo album Canzoni Segrete, la ristampa dello storico album Chiamali Tempi Duri (1982) in versione remastered, e la pubblicazione sul canale digitale del cofanetto Canzoni Segrete Deluxe Edition, che racchiude entrambi gli album.<\/em><br \/>\n<em> Tutti i lavori sono disponibili in formato cd e sui digital stores e saranno presentati dal vivo nella piazza che d\u00e0 il nome al loro primo scopritore e produttore!<\/em><\/p>\n<p><strong>Consegna del Premio \u201cPiazza De Andr\u00e8 2015\u201d a:<\/strong><\/p>\n<p><strong>ANTONIO INFANTINO &amp; SENEGAL DRUMS<\/strong><br \/>\n\u201cTamburi e Tamorra\u201d<br \/>\nAntonio Infantino, voce e chitarra con Mare Faye &#8211; El Hadji Faye &#8220;Chanteur&#8221; &#8211; Alioune &#8211; Moussa Coulibary, djemb\u00e8, percussioni e voci<\/p>\n<p><em><a href=\"http:\/\/armadilloclub.org\/site\/wp-content\/uploads\/2015\/08\/Antonio-Infantino_live.jpg\"><img loading=\"lazy\" decoding=\"async\" class=\" size-medium wp-image-322 alignleft\" src=\"http:\/\/armadilloclub.org\/site\/wp-content\/uploads\/2015\/08\/Antonio-Infantino_live-300x200.jpg\" alt=\"Antonio Infantino_live\" width=\"300\" height=\"200\" srcset=\"https:\/\/www.armadilloclub.org\/site\/wp-content\/uploads\/2015\/08\/Antonio-Infantino_live-300x200.jpg 300w, https:\/\/www.armadilloclub.org\/site\/wp-content\/uploads\/2015\/08\/Antonio-Infantino_live-768x512.jpg 768w, https:\/\/www.armadilloclub.org\/site\/wp-content\/uploads\/2015\/08\/Antonio-Infantino_live.jpg 960w\" sizes=\"auto, (max-width: 300px) 100vw, 300px\" \/><\/a>Antonio Infantino \u00e8 da sempre un non allineato, con una carriera ricca di progetti, attivit\u00e0 e sperimentazioni artistiche in direzione ostinata e contraria, come piaceva a Fabrizio. &#8220;E&#8217; un&#8217;artista che non si sa mai da dove viene, n\u00e8 dove andr\u00e0, si muove come le nuvole&#8221;, cosi \u00e8 scritto di lui in un efficace ritratto che apre il volume &#8220;Antonio Infantino: danza cosmica, colore, suono ed architettura&#8221;, edito nel 1996 dal Parlamento Europeo, nel cui spazio espositivo di Bruxelles \u00e8 stata ospitata una sua grande mostra antologica.<\/em><br \/>\n<em> Il &#8220;nomadismo&#8221; inizia dalla Basilicata, dove fin dal 1975 fonda il progetto dei Tarantolati di Tricarico e reinventa il repertorio tradizionale della sua terra d&#8217;origine, passando dalle ninne nanne alle filastrocche infantili, ai canti di festa e di lotta, basati spesso su ritmi ossessivi e trans-ipnotici. In seguito si muove a Firenze, in Brasile, in Belgio, in Olanda, altrove e poi di nuovo a Firenze, con una lunga serie di progetti culturali e interdisciplinari. La &#8220;tarantola dell&#8217;arte&#8221;, il virus che non lo abbandona mai e lo spinge verso territori di ricerca sempre nuovi e diversi, lo porta a diventare architetto, musicista, poeta, pittore, regista teatrale, antropologo, lasciando il segno in ognuno dei campi toccati.<\/em><br \/>\n<em> Ha collaborato con Fernanda Pivano, Dario F\u00f2, Giancarlo Giannini, pubblicato antologie di poesia edite dalla City Lights di Ferlinghetti, musicato il Carnevale di Venezia e la Biennale di Venezia; migliaia di persone, in italia e all&#8217;estero, hanno assistito a sue performance,spettacoli, mostre, trasmissione radiofoniche e televisive.<\/em><br \/>\n<em> Oggi si presenta sui palchi con una serie di musicisti senegalesi, fondendo i ritmi e le esperienze della tradizione popolare italiana con la libert\u00e0 e originalit\u00e0 dell&#8217;Africa, dando vita ad uno straordinario progetto interculturale e senza frontiere, libero e in piena sintonia con lo spirito del Premio Piazza De Andr\u00e8.<\/em><br \/>\n<strong><em> SABATO 22 AGOSTO<\/em><\/strong><\/p>\n<p>ore 18<\/p>\n<p>Arte varia e pittori in Piazza<\/p>\n<p>Interventi del <strong>Presidio di LIBERA \u201cDARIO CAPOLICCHIO\u201d<\/strong>: &#8220;Lo spirito di un giornale&#8221;<br \/>\n<em>seguendo il tema &#8216;Mafia e giornalismo&#8217;, lettura di articoli di Giuseppe Fava, ucciso nel 1984 da Cosa nostra per le sue inchieste scomode<\/em><\/p>\n<p><strong>GIUSEPPE TROPEANO &amp; ScuolacusticA di Sarzana<\/strong><br \/>\n<em>chitarra battente &amp; chitarra fingerstyle<\/em><\/p>\n<p><strong>LIVIO BERNARDINI &amp; EGILDO SIMEONE<\/strong> La Resistenza, 70\u00b0 anniversario<br \/>\n<em>canti e musiche della resistenza per non dimenticare<\/em><\/p>\n<p><strong>RAFFAELE COZZATI<\/strong> &#8220;One Blues Man&#8221;<br \/>\n<em>voce &amp; chitarra blues<\/em><\/p>\n<p>ore 21\u00a0in concerto:<\/p>\n<p><strong>INKONAPIN<\/strong><br \/>\nEnrico Messina: violoncello &#8211; Matteo Ratti: voce e chitarra<br \/>\n<em>Il duo si \u00e8 formato nel 2014 e nell&#8217;arco di breve tempo, grazie ad alcuni video live caricati on-line (con oltre 200 mila visualizzazioni), ha iniziato a riscuotere i primi apprezzamenti. Dopo i primi concerti in Italia e un mini-tour in Brasile, oggi \u00e8 in preparazione il primo album di inediti che vedr\u00e0 la luce nella seconda met\u00e0 del 2015.<\/em><br \/>\n<strong>JAIME DOLCE ACOUSTIC BLUES DUO<\/strong><br \/>\nJaime Dolce (Usa) voce &amp; chitarra &#8211; Anacleto Orlandi: basso<br \/>\n<em>Soul &amp; rhythm&#8217;n&#8217;blues di alta qualit\u00e0 sono le proposte di questo bravissimo cantante chitarrista newyorkese, ormai naturalizzato italiano. Con innumerevoli tour e concerti alle spalle, presenter\u00e0 un&#8217;efficace miscela di brani editi ed inediti, pieni di energia e suonati con grande maestria sugli strumenti.<\/em><br \/>\n<strong>TERESA PLANTAMURA QUARTET<\/strong><br \/>\nTeresa Plantamura: voce, chitarra, tastiera, percussioni &#8211; Davide Bellazzini: voce, chitarre &#8211; Giovanni Silvestri: basso &#8211; Leonardo Pierri: batteria<br \/>\n<em>Teresa Plantamura (Terri) nasce in Toscana, dove tutt&#8217;oggi vive, anche se restano in lei molto forti e profondi i legami con la terra d&#8217;origine della sua famiglia, la Puglia, regione di grandi tradizioni e di folklore, caratteristiche che da subito suscitano in lei emozioni e indelebili passioni. Cantautrice eclettica, non dimentica i suoni delle tradizioni, dalle bande musicali ai ritmi della pizzica alle dolci melodie. I suoi testi sono un viaggio libero e incondizionato alla scoperta di vari luoghi, atmosfere e colori; il suo canto coinvolgente e ricco di passionalit\u00e0 \u00e8 autentica espressione del suo Essere. Teresa \u00e8 una musicista moderna che sa ben miscelare suoni nuovi e inediti con atmosfere della tradizione folk italiana, presentandosi con grinta e passione, dolcezza e ironia. Piazza De Andr\u00e8 la accoglie con molto piacere.<\/em><br \/>\nOrganizzazione: ARCI-UISP Valdimagra<\/p>\n<p>Direzione artistica e organizzativa: Alessio Ambrosi, Ass. Cult. Armadillo Club<\/p>\n\n\t<h3 class=\"gigpress-related-heading\">Related show<\/h3>\n\n<ul class=\"gigpress-related-show active\">\n\t<li>\n\t\t<span class=\"gigpress-related-label\">Artist:<\/span> \n\t\t<span class=\"gigpress-related-item\"><a href=\"http:\/\/armadilloclub.org\/site\/eventi-realizzati\/laboratorio-piazza-de-andre\/\" target=\"_blank\">Laboratorio Piazza De Andr\u00e9 2015<\/a><\/span>\n\t<\/li>\n\t<li>\n\t\t<span class=\"gigpress-related-label\">Data:<\/span>\n\t\t<span class=\"gigpress-related-item\">21\/08\/15 - 22\/08\/15\t\t<\/span>\n\t<\/li>\n\t<li>\n\t\t<span class=\"gigpress-related-label\">Orario:<\/span> \n\t\t<span class=\"gigpress-related-item\">6:00pm<\/span>\n\t<\/li>\n\t\n\t<li>\n\t\t<span class=\"gigpress-related-label\">Sede dell'evento:<\/span> \n\t\t<span class=\"gigpress-show-related\">Piazza De Andr\u00e9<\/span>\n\t<\/li>\n\t\n\t<li>\n\t\t<span class=\"gigpress-related-label\">Citt\u00e0:<\/span> \n\t\t<span class=\"gigpress-related-item\">Sarzana\t\t<\/span>\n\t<\/li>\t\t\t\n\t\t\t\t<li>\n\t\t\t<span class=\"gigpress-related-label\">Nazione:<\/span> \n\t\t\t<span class=\"gigpress-related-item\">Italy<\/span>\n\t\t<\/li>\n\t\t\n\t\t\t<li>\n\t\t\t<span class=\"gigpress-related-label\">Restrizioni et\u00e0:<\/span> \n\t\t\t<span class=\"gigpress-related-item\">All Ages<\/span>\n\t\t<\/li>\n\t\t\n\t\t\n\t\t\n\t\t\n\t\t<li><a href=\"http:\/\/armadilloclub.org\/site\/eventi-realizzati\/laboratorio-piazza-de-andre\/\" target=\"_blank\">More information<\/a><\/li>\n\t\t\n\t\t<li>\n\t\t<a href=\"http:\/\/www.google.com\/calendar\/event?action=TEMPLATE&amp;text=Laboratorio+Piazza+De+Andr%C3%A9+2015+a+Piazza+De+Andr%C3%A9&amp;dates=20150821T160000Z\/20150822T160000Z&amp;sprop=website:https%3A%2F%2Fwww.armadilloclub.org%2Fsite&amp;sprop=name:Laboratorio+Piazza+De+Andr%C3%A9+2015&amp;location=Piazza+De+Andr%C3%A9%2C+Sarzana%2C+IT&amp;details=All+Ages&amp;trp=true;\">Aggiungi a Google Calendar<\/a> | <a href=\"https:\/\/www.armadilloclub.org\/site\/?feed=gigpress-ical&amp;show_id=6\">Download iCal<\/a> \n\t<\/li>\n<\/ul><script type=\"application\/ld+json\">[\n    {\n        \"@context\": \"http:\/\/schema.org\",\n        \"@type\": \"Event\",\n        \"name\": \"Laboratorio Piazza De Andr\\u00e9 2015\",\n        \"startDate\": \"2015-08-21T18:00:00\",\n        \"url\": \"https:\/\/www.armadilloclub.org\/site\/2015\/08\/11\/laboratorio-piazza-de-andre-2015-21-22-agosto-in-p-zza-de-andre-a-sarzana\/\",\n        \"endDate\": \"2015-08-22T18:00:00\",\n        \"typicalAgeRange\": \"All Ages\",\n        \"performers\": {\n            \"@type\": \"Organization\",\n            \"name\": \"Laboratorio Piazza De Andr\\u00e9 2015\",\n            \"url\": \"http:\/\/armadilloclub.org\/site\/eventi-realizzati\/laboratorio-piazza-de-andre\/\"\n        },\n        \"location\": {\n            \"@type\": \"Place\",\n            \"name\": \"Piazza De Andr\\u00e9\",\n            \"address\": {\n                \"@type\": \"PostalAddress\",\n                \"addressLocality\": \"Sarzana\",\n                \"addressCountry\": \"Italy\"\n            }\n        }\n    }\n]<\/script>","protected":false},"excerpt":{"rendered":"<p>VENERDI\u2019 21 AGOSTO ore 18 Arte varia e pittori in Piazza Interventi del Presidio di LIBERA \u201cDARIO CAPOLICCHIO\u201d: &#8220;Cronache da Fort Apache&#8221; nel ventennale di Libera, letture da articoli di Giancarlo Siani, il giornalista napoletano di cui quest&#8217;anno ricorrono i &hellip; <\/p>\n<p><a class=\"more-link\" href=\"https:\/\/www.armadilloclub.org\/site\/2015\/08\/11\/laboratorio-piazza-de-andre-2015-21-22-agosto-in-p-zza-de-andre-a-sarzana\/\">Continue reading<\/a><\/p>\n","protected":false},"author":1,"featured_media":0,"comment_status":"closed","ping_status":"closed","sticky":false,"template":"","format":"standard","meta":{"footnotes":""},"categories":[1],"tags":[],"class_list":["post-244","post","type-post","status-publish","format-standard","hentry","category-news"],"_links":{"self":[{"href":"https:\/\/www.armadilloclub.org\/site\/wp-json\/wp\/v2\/posts\/244","targetHints":{"allow":["GET"]}}],"collection":[{"href":"https:\/\/www.armadilloclub.org\/site\/wp-json\/wp\/v2\/posts"}],"about":[{"href":"https:\/\/www.armadilloclub.org\/site\/wp-json\/wp\/v2\/types\/post"}],"author":[{"embeddable":true,"href":"https:\/\/www.armadilloclub.org\/site\/wp-json\/wp\/v2\/users\/1"}],"replies":[{"embeddable":true,"href":"https:\/\/www.armadilloclub.org\/site\/wp-json\/wp\/v2\/comments?post=244"}],"version-history":[{"count":15,"href":"https:\/\/www.armadilloclub.org\/site\/wp-json\/wp\/v2\/posts\/244\/revisions"}],"predecessor-version":[{"id":454,"href":"https:\/\/www.armadilloclub.org\/site\/wp-json\/wp\/v2\/posts\/244\/revisions\/454"}],"wp:attachment":[{"href":"https:\/\/www.armadilloclub.org\/site\/wp-json\/wp\/v2\/media?parent=244"}],"wp:term":[{"taxonomy":"category","embeddable":true,"href":"https:\/\/www.armadilloclub.org\/site\/wp-json\/wp\/v2\/categories?post=244"},{"taxonomy":"post_tag","embeddable":true,"href":"https:\/\/www.armadilloclub.org\/site\/wp-json\/wp\/v2\/tags?post=244"}],"curies":[{"name":"wp","href":"https:\/\/api.w.org\/{rel}","templated":true}]}}